{"id":1828,"date":"2019-04-17T15:11:56","date_gmt":"2019-04-17T18:11:56","guid":{"rendered":"https:\/\/www.grupoacocearense.com.br\/?post_type=noticia&#038;p=1828"},"modified":"2025-05-07T15:12:30","modified_gmt":"2025-05-07T18:12:30","slug":"cases-de-sucesso-do-grupo-aco-cearense-sao-apresentados-em-talk-show-na-unifor","status":"publish","type":"noticia","link":"https:\/\/www.grupoacocearense.com.br\/en\/noticia\/cases-de-sucesso-do-grupo-aco-cearense-sao-apresentados-em-talk-show-na-unifor\/","title":{"rendered":"Success stories from Grupo A\u00e7o Cearense are presented in a talk show at Unifor"},"content":{"rendered":"<p>On April 12th, the A\u00e7o Cearense Group presented its sustainability success stories to graduate students at the University of Fortaleza (Unifor). A talk show was held to share knowledge with the students. The event on corporate sustainability also featured Enel and Cimento Apodi.<\/p>\n<p>The sustainability manager of A\u00e7o Cearense, Carlos Yves Cavalcante, spoke about the projects of the Group&#039;s companies, such as the use of scrap in the production of SINOBRAS steel and the production of the bioenergy reducer carried out by SINOBRAS Florestal, companies of the group that are based in the states of Par\u00e1 and Tocantins, as well as the use of rainwater and programs of the Instituto A\u00e7o Cearense, which involve education, sports and social actions, carried out in Cear\u00e1.<\/p>\n<p>The invitation to the talk show came from Professor M\u00e1rcio Rios, who teaches several specialization classes and proposed this knowledge exchange among the guests. &quot;We always host the talk show with managers who stand out in the sustainability field. It&#039;s a way to connect students with the market by showcasing real-life success stories in the field,&quot; explained the professor.<\/p>\n<p><img loading=\"lazy\" decoding=\"async\" class=\"aligncenter wp-image-4980 size-medium\" src=\"https:\/\/grupoacocearense.com.br\/wp-content\/uploads\/2019\/04\/Talk-Show-Sustentabilidade-1-300x225.jpeg\" alt=\"\" width=\"300\" height=\"225\" \/><\/p>","protected":false},"featured_media":1816,"template":"","meta":{"_acf_changed":false,"inline_featured_image":false},"categoria-noticia":[],"class_list":["post-1828","noticia","type-noticia","status-publish","has-post-thumbnail","hentry"],"acf":{"link":""},"yoast_head":"<!-- This site is optimized with the Yoast SEO plugin v27.4 - https:\/\/yoast.com\/product\/yoast-seo-wordpress\/ -->\n<title>Cases de sucesso do Grupo A\u00e7o Cearense s\u00e3o apresentados em Talk Show na Unifor - Grupo A\u00e7o Cearense<\/title>\n<meta name=\"robots\" content=\"index, follow, max-snippet:-1, max-image-preview:large, max-video-preview:-1\" \/>\n<link rel=\"canonical\" href=\"https:\/\/previews.elleven.digital\/acocearense\/noticia\/cases-de-sucesso-do-grupo-aco-cearense-sao-apresentados-em-talk-show-na-unifor\/\" \/>\n<meta property=\"og:locale\" content=\"en_US\" \/>\n<meta property=\"og:type\" content=\"article\" \/>\n<meta property=\"og:title\" content=\"Cases de sucesso do Grupo A\u00e7o Cearense s\u00e3o apresentados em Talk Show na Unifor - Grupo A\u00e7o Cearense\" \/>\n<meta property=\"og:description\" content=\"Na \u00faltimo dia 12\/04, o Grupo A\u00e7o Cearense apresentou seus cases de sucesso na \u00e1rea(...)\" \/>\n<meta property=\"og:url\" content=\"https:\/\/previews.elleven.digital\/acocearense\/noticia\/cases-de-sucesso-do-grupo-aco-cearense-sao-apresentados-em-talk-show-na-unifor\/\" \/>\n<meta property=\"og:site_name\" content=\"Grupo A\u00e7o Cearense\" \/>\n<meta property=\"article:modified_time\" content=\"2025-05-07T18:12:30+00:00\" \/>\n<meta property=\"og:image\" content=\"https:\/\/previews.elleven.digital\/acocearense\/wp-content\/uploads\/2025\/05\/Talk-Show-Sustentabilidade-1-300x225-1.jpeg\" \/>\n\t<meta property=\"og:image:width\" content=\"300\" \/>\n\t<meta property=\"og:image:height\" content=\"225\" \/>\n\t<meta property=\"og:image:type\" content=\"image\/jpeg\" \/>\n<meta name=\"twitter:card\" content=\"summary_large_image\" \/>\n<meta name=\"twitter:label1\" content=\"Est. reading time\" \/>\n\t<meta name=\"twitter:data1\" content=\"2 minutes\" \/>\n<script type=\"application\/ld+json\" class=\"yoast-schema-graph\">{\"@context\":\"https:\\\/\\\/schema.org\",\"@graph\":[{\"@type\":\"WebPage\",\"@id\":\"https:\\\/\\\/previews.elleven.digital\\\/acocearense\\\/noticia\\\/cases-de-sucesso-do-grupo-aco-cearense-sao-apresentados-em-talk-show-na-unifor\\\/\",\"url\":\"https:\\\/\\\/previews.elleven.digital\\\/acocearense\\\/noticia\\\/cases-de-sucesso-do-grupo-aco-cearense-sao-apresentados-em-talk-show-na-unifor\\\/\",\"name\":\"Cases de sucesso do Grupo A\u00e7o Cearense s\u00e3o apresentados em Talk Show na Unifor - Grupo A\u00e7o Cearense\",\"isPartOf\":{\"@id\":\"https:\\\/\\\/previews.elleven.digital\\\/acocearense\\\/#website\"},\"primaryImageOfPage\":{\"@id\":\"https:\\\/\\\/previews.elleven.digital\\\/acocearense\\\/noticia\\\/cases-de-sucesso-do-grupo-aco-cearense-sao-apresentados-em-talk-show-na-unifor\\\/#primaryimage\"},\"image\":{\"@id\":\"https:\\\/\\\/previews.elleven.digital\\\/acocearense\\\/noticia\\\/cases-de-sucesso-do-grupo-aco-cearense-sao-apresentados-em-talk-show-na-unifor\\\/#primaryimage\"},\"thumbnailUrl\":\"https:\\\/\\\/www.grupoacocearense.com.br\\\/wp-content\\\/uploads\\\/2025\\\/05\\\/Talk-Show-Sustentabilidade-1-300x225-1.jpeg\",\"datePublished\":\"2019-04-17T18:11:56+00:00\",\"dateModified\":\"2025-05-07T18:12:30+00:00\",\"breadcrumb\":{\"@id\":\"https:\\\/\\\/previews.elleven.digital\\\/acocearense\\\/noticia\\\/cases-de-sucesso-do-grupo-aco-cearense-sao-apresentados-em-talk-show-na-unifor\\\/#breadcrumb\"},\"inLanguage\":\"en-US\",\"potentialAction\":[{\"@type\":\"ReadAction\",\"target\":[\"https:\\\/\\\/previews.elleven.digital\\\/acocearense\\\/noticia\\\/cases-de-sucesso-do-grupo-aco-cearense-sao-apresentados-em-talk-show-na-unifor\\\/\"]}]},{\"@type\":\"ImageObject\",\"inLanguage\":\"en-US\",\"@id\":\"https:\\\/\\\/previews.elleven.digital\\\/acocearense\\\/noticia\\\/cases-de-sucesso-do-grupo-aco-cearense-sao-apresentados-em-talk-show-na-unifor\\\/#primaryimage\",\"url\":\"https:\\\/\\\/www.grupoacocearense.com.br\\\/wp-content\\\/uploads\\\/2025\\\/05\\\/Talk-Show-Sustentabilidade-1-300x225-1.jpeg\",\"contentUrl\":\"https:\\\/\\\/www.grupoacocearense.com.br\\\/wp-content\\\/uploads\\\/2025\\\/05\\\/Talk-Show-Sustentabilidade-1-300x225-1.jpeg\",\"width\":300,\"height\":225},{\"@type\":\"BreadcrumbList\",\"@id\":\"https:\\\/\\\/previews.elleven.digital\\\/acocearense\\\/noticia\\\/cases-de-sucesso-do-grupo-aco-cearense-sao-apresentados-em-talk-show-na-unifor\\\/#breadcrumb\",\"itemListElement\":[{\"@type\":\"ListItem\",\"position\":1,\"name\":\"In\u00edcio\",\"item\":\"https:\\\/\\\/www.grupoacocearense.com.br\\\/\"},{\"@type\":\"ListItem\",\"position\":2,\"name\":\"Not\u00edcias\",\"item\":\"https:\\\/\\\/previews.elleven.digital\\\/acocearense\\\/noticias\\\/\"},{\"@type\":\"ListItem\",\"position\":3,\"name\":\"Cases de sucesso do Grupo A\u00e7o Cearense s\u00e3o apresentados em Talk Show na Unifor\"}]},{\"@type\":\"WebSite\",\"@id\":\"https:\\\/\\\/previews.elleven.digital\\\/acocearense\\\/#website\",\"url\":\"https:\\\/\\\/previews.elleven.digital\\\/acocearense\\\/\",\"name\":\"A\u00e7o Cearense\",\"description\":\"H\u00e1 mais de 45 anos no mercado brasileiro do a\u00e7o.\",\"alternateName\":\"A\u00e7o Cearense\",\"potentialAction\":[{\"@type\":\"SearchAction\",\"target\":{\"@type\":\"EntryPoint\",\"urlTemplate\":\"https:\\\/\\\/previews.elleven.digital\\\/acocearense\\\/?s={search_term_string}\"},\"query-input\":{\"@type\":\"PropertyValueSpecification\",\"valueRequired\":true,\"valueName\":\"search_term_string\"}}],\"inLanguage\":\"en-US\"}]}<\/script>\n<!-- \/ Yoast SEO plugin. -->","yoast_head_json":{"title":"Cases de sucesso do Grupo A\u00e7o Cearense s\u00e3o apresentados em Talk Show na Unifor - Grupo A\u00e7o Cearense","robots":{"index":"index","follow":"follow","max-snippet":"max-snippet:-1","max-image-preview":"max-image-preview:large","max-video-preview":"max-video-preview:-1"},"canonical":"https:\/\/previews.elleven.digital\/acocearense\/noticia\/cases-de-sucesso-do-grupo-aco-cearense-sao-apresentados-em-talk-show-na-unifor\/","og_locale":"en_US","og_type":"article","og_title":"Cases de sucesso do Grupo A\u00e7o Cearense s\u00e3o apresentados em Talk Show na Unifor - Grupo A\u00e7o Cearense","og_description":"Na \u00faltimo dia 12\/04, o Grupo A\u00e7o Cearense apresentou seus cases de sucesso na \u00e1rea(...)","og_url":"https:\/\/previews.elleven.digital\/acocearense\/noticia\/cases-de-sucesso-do-grupo-aco-cearense-sao-apresentados-em-talk-show-na-unifor\/","og_site_name":"Grupo A\u00e7o Cearense","article_modified_time":"2025-05-07T18:12:30+00:00","og_image":[{"width":300,"height":225,"url":"https:\/\/previews.elleven.digital\/acocearense\/wp-content\/uploads\/2025\/05\/Talk-Show-Sustentabilidade-1-300x225-1.jpeg","type":"image\/jpeg"}],"twitter_card":"summary_large_image","twitter_misc":{"Est. reading time":"2 minutes"},"schema":{"@context":"https:\/\/schema.org","@graph":[{"@type":"WebPage","@id":"https:\/\/previews.elleven.digital\/acocearense\/noticia\/cases-de-sucesso-do-grupo-aco-cearense-sao-apresentados-em-talk-show-na-unifor\/","url":"https:\/\/previews.elleven.digital\/acocearense\/noticia\/cases-de-sucesso-do-grupo-aco-cearense-sao-apresentados-em-talk-show-na-unifor\/","name":"Cases de sucesso do Grupo A\u00e7o Cearense s\u00e3o apresentados em Talk Show na Unifor - Grupo A\u00e7o Cearense","isPartOf":{"@id":"https:\/\/previews.elleven.digital\/acocearense\/#website"},"primaryImageOfPage":{"@id":"https:\/\/previews.elleven.digital\/acocearense\/noticia\/cases-de-sucesso-do-grupo-aco-cearense-sao-apresentados-em-talk-show-na-unifor\/#primaryimage"},"image":{"@id":"https:\/\/previews.elleven.digital\/acocearense\/noticia\/cases-de-sucesso-do-grupo-aco-cearense-sao-apresentados-em-talk-show-na-unifor\/#primaryimage"},"thumbnailUrl":"https:\/\/www.grupoacocearense.com.br\/wp-content\/uploads\/2025\/05\/Talk-Show-Sustentabilidade-1-300x225-1.jpeg","datePublished":"2019-04-17T18:11:56+00:00","dateModified":"2025-05-07T18:12:30+00:00","breadcrumb":{"@id":"https:\/\/previews.elleven.digital\/acocearense\/noticia\/cases-de-sucesso-do-grupo-aco-cearense-sao-apresentados-em-talk-show-na-unifor\/#breadcrumb"},"inLanguage":"en-US","potentialAction":[{"@type":"ReadAction","target":["https:\/\/previews.elleven.digital\/acocearense\/noticia\/cases-de-sucesso-do-grupo-aco-cearense-sao-apresentados-em-talk-show-na-unifor\/"]}]},{"@type":"ImageObject","inLanguage":"en-US","@id":"https:\/\/previews.elleven.digital\/acocearense\/noticia\/cases-de-sucesso-do-grupo-aco-cearense-sao-apresentados-em-talk-show-na-unifor\/#primaryimage","url":"https:\/\/www.grupoacocearense.com.br\/wp-content\/uploads\/2025\/05\/Talk-Show-Sustentabilidade-1-300x225-1.jpeg","contentUrl":"https:\/\/www.grupoacocearense.com.br\/wp-content\/uploads\/2025\/05\/Talk-Show-Sustentabilidade-1-300x225-1.jpeg","width":300,"height":225},{"@type":"BreadcrumbList","@id":"https:\/\/previews.elleven.digital\/acocearense\/noticia\/cases-de-sucesso-do-grupo-aco-cearense-sao-apresentados-em-talk-show-na-unifor\/#breadcrumb","itemListElement":[{"@type":"ListItem","position":1,"name":"In\u00edcio","item":"https:\/\/www.grupoacocearense.com.br\/"},{"@type":"ListItem","position":2,"name":"Not\u00edcias","item":"https:\/\/previews.elleven.digital\/acocearense\/noticias\/"},{"@type":"ListItem","position":3,"name":"Cases de sucesso do Grupo A\u00e7o Cearense s\u00e3o apresentados em Talk Show na Unifor"}]},{"@type":"WebSite","@id":"https:\/\/previews.elleven.digital\/acocearense\/#website","url":"https:\/\/previews.elleven.digital\/acocearense\/","name":"Cear\u00e1 Steel","description":"In the Brazilian steel market for over 45 years.","alternateName":"A\u00e7o Cearense","potentialAction":[{"@type":"SearchAction","target":{"@type":"EntryPoint","urlTemplate":"https:\/\/previews.elleven.digital\/acocearense\/?s={search_term_string}"},"query-input":{"@type":"PropertyValueSpecification","valueRequired":true,"valueName":"search_term_string"}}],"inLanguage":"en-US"}]}},"_links":{"self":[{"href":"https:\/\/www.grupoacocearense.com.br\/en\/wp-json\/wp\/v2\/noticia\/1828","targetHints":{"allow":["GET"]}}],"collection":[{"href":"https:\/\/www.grupoacocearense.com.br\/en\/wp-json\/wp\/v2\/noticia"}],"about":[{"href":"https:\/\/www.grupoacocearense.com.br\/en\/wp-json\/wp\/v2\/types\/noticia"}],"wp:featuredmedia":[{"embeddable":true,"href":"https:\/\/www.grupoacocearense.com.br\/en\/wp-json\/wp\/v2\/media\/1816"}],"wp:attachment":[{"href":"https:\/\/www.grupoacocearense.com.br\/en\/wp-json\/wp\/v2\/media?parent=1828"}],"wp:term":[{"taxonomy":"categoria-noticia","embeddable":true,"href":"https:\/\/www.grupoacocearense.com.br\/en\/wp-json\/wp\/v2\/categoria-noticia?post=1828"}],"curies":[{"name":"wp","href":"https:\/\/api.w.org\/{rel}","templated":true}]}}