{"id":1824,"date":"2019-04-03T15:09:50","date_gmt":"2019-04-03T18:09:50","guid":{"rendered":"https:\/\/www.grupoacocearense.com.br\/?post_type=noticia&#038;p=1824"},"modified":"2025-05-07T15:10:23","modified_gmt":"2025-05-07T18:10:23","slug":"jonathan-benvindo-representa-o-brasil-no-campeonato-sulamericano-de-karate-na-bolivia","status":"publish","type":"noticia","link":"https:\/\/www.grupoacocearense.com.br\/en\/noticia\/jonathan-benvindo-representa-o-brasil-no-campeonato-sulamericano-de-karate-na-bolivia\/","title":{"rendered":"Jonathan Benvindo represents Brazil at the South American Karate Championship in Bolivia"},"content":{"rendered":"<p>Straight from Caucaia to the world, Cear\u00e1-born athlete Jonathan Benvindo has been confirmed as one of the Brazilian representatives in the South American Karate Championship, which will take place from April 22nd to 28th in Bolivia. Now almost 17 years old, the athlete, sponsored by the Instituto A\u00e7o Cearense, has been practicing karate since he was seven.<\/p>\n<p>Last week, Jonathan was in Bras\u00edlia participating in the national tryouts, securing a spot on the Brazilian national team and in the South American Championship. While in Bras\u00edlia, he also competed for qualification to the Brazilian Championship final, where he placed first, securing a spot to represent Cear\u00e1 in October in Rio Grande do Sul.<\/p>\n<p>Jonathan has already won over 200 medals in state, national, and international championships and is a member of the Brazilian National Karate Team in the Junior 55k category for the third time. For his mother, Val\u00e9ria Benvindo, all the hard work is paying off. &quot;Jonathan has been training since he was a child and is now reaping the rewards. Thank God we have the support of the Instituto A\u00e7o Cearense to help make this effort a reality, as the institution is his sole sponsor, and without their support, none of this would be possible,&quot; his mother proudly says.<\/p>","protected":false},"featured_media":1817,"template":"","meta":{"_acf_changed":false,"inline_featured_image":false},"categoria-noticia":[],"class_list":["post-1824","noticia","type-noticia","status-publish","has-post-thumbnail","hentry"],"acf":{"link":""},"yoast_head":"<!-- This site is optimized with the Yoast SEO plugin v27.4 - https:\/\/yoast.com\/product\/yoast-seo-wordpress\/ -->\n<title>Jonathan Benvindo representa o Brasil no Campeonato Sulamericano de Karat\u00ea na Bol\u00edvia - Grupo A\u00e7o Cearense<\/title>\n<meta name=\"robots\" content=\"index, follow, max-snippet:-1, max-image-preview:large, max-video-preview:-1\" \/>\n<link rel=\"canonical\" href=\"https:\/\/previews.elleven.digital\/acocearense\/noticia\/jonathan-benvindo-representa-o-brasil-no-campeonato-sulamericano-de-karate-na-bolivia\/\" \/>\n<meta property=\"og:locale\" content=\"en_US\" \/>\n<meta property=\"og:type\" content=\"article\" \/>\n<meta property=\"og:title\" content=\"Jonathan Benvindo representa o Brasil no Campeonato Sulamericano de Karat\u00ea na Bol\u00edvia - Grupo A\u00e7o Cearense\" \/>\n<meta property=\"og:description\" content=\"Diretamente de Caucaia para o mundo, o atleta cearense Jonathan Benvindo est\u00e1 confirmado como um(...)\" \/>\n<meta property=\"og:url\" content=\"https:\/\/previews.elleven.digital\/acocearense\/noticia\/jonathan-benvindo-representa-o-brasil-no-campeonato-sulamericano-de-karate-na-bolivia\/\" \/>\n<meta property=\"og:site_name\" content=\"Grupo A\u00e7o Cearense\" \/>\n<meta property=\"article:modified_time\" content=\"2025-05-07T18:10:23+00:00\" \/>\n<meta property=\"og:image\" content=\"https:\/\/previews.elleven.digital\/acocearense\/wp-content\/uploads\/2025\/05\/Jonathan-Benvindo.png\" \/>\n\t<meta property=\"og:image:width\" content=\"400\" \/>\n\t<meta property=\"og:image:height\" content=\"300\" \/>\n\t<meta property=\"og:image:type\" content=\"image\/png\" \/>\n<meta name=\"twitter:card\" content=\"summary_large_image\" \/>\n<meta name=\"twitter:label1\" content=\"Est. reading time\" \/>\n\t<meta name=\"twitter:data1\" content=\"2 minutes\" \/>\n<script type=\"application\/ld+json\" class=\"yoast-schema-graph\">{\"@context\":\"https:\\\/\\\/schema.org\",\"@graph\":[{\"@type\":\"WebPage\",\"@id\":\"https:\\\/\\\/previews.elleven.digital\\\/acocearense\\\/noticia\\\/jonathan-benvindo-representa-o-brasil-no-campeonato-sulamericano-de-karate-na-bolivia\\\/\",\"url\":\"https:\\\/\\\/previews.elleven.digital\\\/acocearense\\\/noticia\\\/jonathan-benvindo-representa-o-brasil-no-campeonato-sulamericano-de-karate-na-bolivia\\\/\",\"name\":\"Jonathan Benvindo representa o Brasil no Campeonato Sulamericano de Karat\u00ea na Bol\u00edvia - Grupo A\u00e7o Cearense\",\"isPartOf\":{\"@id\":\"https:\\\/\\\/previews.elleven.digital\\\/acocearense\\\/#website\"},\"primaryImageOfPage\":{\"@id\":\"https:\\\/\\\/previews.elleven.digital\\\/acocearense\\\/noticia\\\/jonathan-benvindo-representa-o-brasil-no-campeonato-sulamericano-de-karate-na-bolivia\\\/#primaryimage\"},\"image\":{\"@id\":\"https:\\\/\\\/previews.elleven.digital\\\/acocearense\\\/noticia\\\/jonathan-benvindo-representa-o-brasil-no-campeonato-sulamericano-de-karate-na-bolivia\\\/#primaryimage\"},\"thumbnailUrl\":\"https:\\\/\\\/www.grupoacocearense.com.br\\\/wp-content\\\/uploads\\\/2025\\\/05\\\/Jonathan-Benvindo.png\",\"datePublished\":\"2019-04-03T18:09:50+00:00\",\"dateModified\":\"2025-05-07T18:10:23+00:00\",\"breadcrumb\":{\"@id\":\"https:\\\/\\\/previews.elleven.digital\\\/acocearense\\\/noticia\\\/jonathan-benvindo-representa-o-brasil-no-campeonato-sulamericano-de-karate-na-bolivia\\\/#breadcrumb\"},\"inLanguage\":\"en-US\",\"potentialAction\":[{\"@type\":\"ReadAction\",\"target\":[\"https:\\\/\\\/previews.elleven.digital\\\/acocearense\\\/noticia\\\/jonathan-benvindo-representa-o-brasil-no-campeonato-sulamericano-de-karate-na-bolivia\\\/\"]}]},{\"@type\":\"ImageObject\",\"inLanguage\":\"en-US\",\"@id\":\"https:\\\/\\\/previews.elleven.digital\\\/acocearense\\\/noticia\\\/jonathan-benvindo-representa-o-brasil-no-campeonato-sulamericano-de-karate-na-bolivia\\\/#primaryimage\",\"url\":\"https:\\\/\\\/www.grupoacocearense.com.br\\\/wp-content\\\/uploads\\\/2025\\\/05\\\/Jonathan-Benvindo.png\",\"contentUrl\":\"https:\\\/\\\/www.grupoacocearense.com.br\\\/wp-content\\\/uploads\\\/2025\\\/05\\\/Jonathan-Benvindo.png\",\"width\":400,\"height\":300},{\"@type\":\"BreadcrumbList\",\"@id\":\"https:\\\/\\\/previews.elleven.digital\\\/acocearense\\\/noticia\\\/jonathan-benvindo-representa-o-brasil-no-campeonato-sulamericano-de-karate-na-bolivia\\\/#breadcrumb\",\"itemListElement\":[{\"@type\":\"ListItem\",\"position\":1,\"name\":\"In\u00edcio\",\"item\":\"https:\\\/\\\/www.grupoacocearense.com.br\\\/\"},{\"@type\":\"ListItem\",\"position\":2,\"name\":\"Not\u00edcias\",\"item\":\"https:\\\/\\\/previews.elleven.digital\\\/acocearense\\\/noticias\\\/\"},{\"@type\":\"ListItem\",\"position\":3,\"name\":\"Jonathan Benvindo representa o Brasil no Campeonato Sulamericano de Karat\u00ea na Bol\u00edvia\"}]},{\"@type\":\"WebSite\",\"@id\":\"https:\\\/\\\/previews.elleven.digital\\\/acocearense\\\/#website\",\"url\":\"https:\\\/\\\/previews.elleven.digital\\\/acocearense\\\/\",\"name\":\"A\u00e7o Cearense\",\"description\":\"H\u00e1 mais de 45 anos no mercado brasileiro do a\u00e7o.\",\"alternateName\":\"A\u00e7o Cearense\",\"potentialAction\":[{\"@type\":\"SearchAction\",\"target\":{\"@type\":\"EntryPoint\",\"urlTemplate\":\"https:\\\/\\\/previews.elleven.digital\\\/acocearense\\\/?s={search_term_string}\"},\"query-input\":{\"@type\":\"PropertyValueSpecification\",\"valueRequired\":true,\"valueName\":\"search_term_string\"}}],\"inLanguage\":\"en-US\"}]}<\/script>\n<!-- \/ Yoast SEO plugin. -->","yoast_head_json":{"title":"Jonathan Benvindo representa o Brasil no Campeonato Sulamericano de Karat\u00ea na Bol\u00edvia - Grupo A\u00e7o Cearense","robots":{"index":"index","follow":"follow","max-snippet":"max-snippet:-1","max-image-preview":"max-image-preview:large","max-video-preview":"max-video-preview:-1"},"canonical":"https:\/\/previews.elleven.digital\/acocearense\/noticia\/jonathan-benvindo-representa-o-brasil-no-campeonato-sulamericano-de-karate-na-bolivia\/","og_locale":"en_US","og_type":"article","og_title":"Jonathan Benvindo representa o Brasil no Campeonato Sulamericano de Karat\u00ea na Bol\u00edvia - Grupo A\u00e7o Cearense","og_description":"Diretamente de Caucaia para o mundo, o atleta cearense Jonathan Benvindo est\u00e1 confirmado como um(...)","og_url":"https:\/\/previews.elleven.digital\/acocearense\/noticia\/jonathan-benvindo-representa-o-brasil-no-campeonato-sulamericano-de-karate-na-bolivia\/","og_site_name":"Grupo A\u00e7o Cearense","article_modified_time":"2025-05-07T18:10:23+00:00","og_image":[{"width":400,"height":300,"url":"https:\/\/previews.elleven.digital\/acocearense\/wp-content\/uploads\/2025\/05\/Jonathan-Benvindo.png","type":"image\/png"}],"twitter_card":"summary_large_image","twitter_misc":{"Est. reading time":"2 minutes"},"schema":{"@context":"https:\/\/schema.org","@graph":[{"@type":"WebPage","@id":"https:\/\/previews.elleven.digital\/acocearense\/noticia\/jonathan-benvindo-representa-o-brasil-no-campeonato-sulamericano-de-karate-na-bolivia\/","url":"https:\/\/previews.elleven.digital\/acocearense\/noticia\/jonathan-benvindo-representa-o-brasil-no-campeonato-sulamericano-de-karate-na-bolivia\/","name":"Jonathan Benvindo representa o Brasil no Campeonato Sulamericano de Karat\u00ea na Bol\u00edvia - Grupo A\u00e7o Cearense","isPartOf":{"@id":"https:\/\/previews.elleven.digital\/acocearense\/#website"},"primaryImageOfPage":{"@id":"https:\/\/previews.elleven.digital\/acocearense\/noticia\/jonathan-benvindo-representa-o-brasil-no-campeonato-sulamericano-de-karate-na-bolivia\/#primaryimage"},"image":{"@id":"https:\/\/previews.elleven.digital\/acocearense\/noticia\/jonathan-benvindo-representa-o-brasil-no-campeonato-sulamericano-de-karate-na-bolivia\/#primaryimage"},"thumbnailUrl":"https:\/\/www.grupoacocearense.com.br\/wp-content\/uploads\/2025\/05\/Jonathan-Benvindo.png","datePublished":"2019-04-03T18:09:50+00:00","dateModified":"2025-05-07T18:10:23+00:00","breadcrumb":{"@id":"https:\/\/previews.elleven.digital\/acocearense\/noticia\/jonathan-benvindo-representa-o-brasil-no-campeonato-sulamericano-de-karate-na-bolivia\/#breadcrumb"},"inLanguage":"en-US","potentialAction":[{"@type":"ReadAction","target":["https:\/\/previews.elleven.digital\/acocearense\/noticia\/jonathan-benvindo-representa-o-brasil-no-campeonato-sulamericano-de-karate-na-bolivia\/"]}]},{"@type":"ImageObject","inLanguage":"en-US","@id":"https:\/\/previews.elleven.digital\/acocearense\/noticia\/jonathan-benvindo-representa-o-brasil-no-campeonato-sulamericano-de-karate-na-bolivia\/#primaryimage","url":"https:\/\/www.grupoacocearense.com.br\/wp-content\/uploads\/2025\/05\/Jonathan-Benvindo.png","contentUrl":"https:\/\/www.grupoacocearense.com.br\/wp-content\/uploads\/2025\/05\/Jonathan-Benvindo.png","width":400,"height":300},{"@type":"BreadcrumbList","@id":"https:\/\/previews.elleven.digital\/acocearense\/noticia\/jonathan-benvindo-representa-o-brasil-no-campeonato-sulamericano-de-karate-na-bolivia\/#breadcrumb","itemListElement":[{"@type":"ListItem","position":1,"name":"In\u00edcio","item":"https:\/\/www.grupoacocearense.com.br\/"},{"@type":"ListItem","position":2,"name":"Not\u00edcias","item":"https:\/\/previews.elleven.digital\/acocearense\/noticias\/"},{"@type":"ListItem","position":3,"name":"Jonathan Benvindo representa o Brasil no Campeonato Sulamericano de Karat\u00ea na Bol\u00edvia"}]},{"@type":"WebSite","@id":"https:\/\/previews.elleven.digital\/acocearense\/#website","url":"https:\/\/previews.elleven.digital\/acocearense\/","name":"Cear\u00e1 Steel","description":"In the Brazilian steel market for over 45 years.","alternateName":"A\u00e7o Cearense","potentialAction":[{"@type":"SearchAction","target":{"@type":"EntryPoint","urlTemplate":"https:\/\/previews.elleven.digital\/acocearense\/?s={search_term_string}"},"query-input":{"@type":"PropertyValueSpecification","valueRequired":true,"valueName":"search_term_string"}}],"inLanguage":"en-US"}]}},"_links":{"self":[{"href":"https:\/\/www.grupoacocearense.com.br\/en\/wp-json\/wp\/v2\/noticia\/1824","targetHints":{"allow":["GET"]}}],"collection":[{"href":"https:\/\/www.grupoacocearense.com.br\/en\/wp-json\/wp\/v2\/noticia"}],"about":[{"href":"https:\/\/www.grupoacocearense.com.br\/en\/wp-json\/wp\/v2\/types\/noticia"}],"wp:featuredmedia":[{"embeddable":true,"href":"https:\/\/www.grupoacocearense.com.br\/en\/wp-json\/wp\/v2\/media\/1817"}],"wp:attachment":[{"href":"https:\/\/www.grupoacocearense.com.br\/en\/wp-json\/wp\/v2\/media?parent=1824"}],"wp:term":[{"taxonomy":"categoria-noticia","embeddable":true,"href":"https:\/\/www.grupoacocearense.com.br\/en\/wp-json\/wp\/v2\/categoria-noticia?post=1824"}],"curies":[{"name":"wp","href":"https:\/\/api.w.org\/{rel}","templated":true}]}}