{"id":1809,"date":"2018-11-21T15:03:28","date_gmt":"2018-11-21T17:03:28","guid":{"rendered":"https:\/\/www.grupoacocearense.com.br\/?post_type=noticia&#038;p=1809"},"modified":"2025-05-07T15:04:04","modified_gmt":"2025-05-07T18:04:04","slug":"corrida-do-aco-e-caminhada-mobilizam-maraba-e-regiao","status":"publish","type":"noticia","link":"https:\/\/www.grupoacocearense.com.br\/en\/noticia\/corrida-do-aco-e-caminhada-mobilizam-maraba-e-regiao\/","title":{"rendered":"Steel Race and Walk mobilize Marab\u00e1 and region"},"content":{"rendered":"<div class=\"col-12 col-md-8\">\n<div class=\"twocolumn\">\n<div class=\"conteudo\">\n<div class=\"box__texto\">\n<p>The 8th Steel Race and 3rd Walk, held on November 11th, were once again a success. The event mobilized a large crowd at S\u00e3o Felix Valois Square, across from Marab\u00e1&#039;s waterfront, where the sporting event started and finished. The initiative, held annually by SINOBRAS, commemorated the company&#039;s 12th anniversary\u2014officially celebrated on November 6th\u2014and the start of steel production in Par\u00e1.<\/p>\n<p><u><\/u><img loading=\"lazy\" decoding=\"async\" class=\"CToWUd a6T\" tabindex=\"0\" src=\"https:\/\/ci5.googleusercontent.com\/proxy\/4wVO2stOcHSbXffqlv5XOIFonNZKGmezpwYj8nO0Uh5Yb_ctSxjGyTd7ncFqEPYFBDSnsKvY4RTZ6k5EP8__bWcXuSMYA76b81cpisKylSk1De2LORcPsK9DRZ8O-pNoSPxHycFE5PSAsOppcAQWH4LDPK56vVaWC6k=s0-d-e1-ft#https:\/\/gallery.mailchimp.com\/89812147ef97f09ae727e0969\/images\/0c2b7f0a-4e8c-4f30-a022-cb967e354afc.jpg\" alt=\"https:\/\/gallery.mailchimp.com\/89812147ef97f09ae727e0969\/images\/0c2b7f0a-4e8c-4f30-a022-cb967e354afc.jpg\" width=\"200\" height=\"133\" align=\"left\" \/><u><\/u>\u00a0The big winner of the SINOBRAS race was Jardel Vilar, from Lamina\u00e7\u00e3o, who completed the 7km course in 24:45. &quot;I trained hard, but I didn&#039;t expect to win, as this is my eighth year participating and I&#039;d never placed first before. I was so happy! Now, it&#039;s time to celebrate the victory and prepare for next year,&quot; said the athlete.<\/p>\n<p>On the occasion, Ian Corr\u00eaa, Vice President of Operations for Grupo A\u00e7o Cearense, welcomed those present, thanked the city&#039;s residents for their continued support of the event, and emphasized its importance for promoting sports culture. Milton Lima, Industrial Director, also thanked everyone for their participation.<\/p>\n<p>A total of R$ 7,600.00 was awarded. The race winners in each category received the following prizes: a trophy, a medal, and R$ 500, as well as a Caf\u00e9 Santa Clara kit (first place); a medal and R$ 350 (second place); and a medal and R$ 250 (third place). The top two teams\u2014SINOBRAS and Comunidade\u2014received trophies and R$ 500. There were no specific prizes awarded for the walk itself. Participants received a participation medal, as did all runners.<br \/>\nPhotos from the event are available for download in the Intranet Photo Gallery (<a href=\"https:\/\/grupoacocearense.us7.list-manage.com\/track\/click?u=89812147ef97f09ae727e0969&amp;id=c42ee39bf6&amp;e=7e6757f662\" target=\"_blank\" rel=\"noopener noreferrer\" data-saferedirecturl=\"https:\/\/www.google.com\/url?q=https:\/\/grupoacocearense.us7.list-manage.com\/track\/click?u%3D89812147ef97f09ae727e0969%26id%3Dc42ee39bf6%26e%3D7e6757f662&amp;source=gmail&amp;ust=1542907727406000&amp;usg=AFQjCNH2qv9MKXHom11k5mrY9vwBrf1Yyg\"><b>http:\/\/intranet\/<\/b><\/a>).<br \/>\nThe race results can be found on the ChipTiming website:\u00a0<a href=\"https:\/\/grupoacocearense.us7.list-manage.com\/track\/click?u=89812147ef97f09ae727e0969&amp;id=576d228aca&amp;e=7e6757f662\" target=\"_blank\" rel=\"noopener noreferrer\" data-saferedirecturl=\"https:\/\/www.google.com\/url?q=https:\/\/grupoacocearense.us7.list-manage.com\/track\/click?u%3D89812147ef97f09ae727e0969%26id%3D576d228aca%26e%3D7e6757f662&amp;source=gmail&amp;ust=1542907727406000&amp;usg=AFQjCNGmCvkMX043uO47r5NBCU6_kpkTbw\"><b>http:\/\/www.chiptiming.com.br\/<wbr \/>results\/aco-race\/<wbr \/>corridadooaco2018<\/b><\/a><\/p>\n<\/div>\n<\/div>\n<\/div>\n<\/div>","protected":false},"featured_media":1797,"template":"","meta":{"_acf_changed":false,"inline_featured_image":false},"categoria-noticia":[],"class_list":["post-1809","noticia","type-noticia","status-publish","has-post-thumbnail","hentry"],"acf":{"link":""},"yoast_head":"<!-- This site is optimized with the Yoast SEO plugin v27.4 - https:\/\/yoast.com\/product\/yoast-seo-wordpress\/ -->\n<title>Corrida do A\u00e7o e Caminhada mobilizam Marab\u00e1 e regi\u00e3o - Grupo A\u00e7o Cearense<\/title>\n<meta name=\"robots\" content=\"index, follow, max-snippet:-1, max-image-preview:large, max-video-preview:-1\" \/>\n<link rel=\"canonical\" href=\"https:\/\/previews.elleven.digital\/acocearense\/noticia\/corrida-do-aco-e-caminhada-mobilizam-maraba-e-regiao\/\" \/>\n<meta property=\"og:locale\" content=\"en_US\" \/>\n<meta property=\"og:type\" content=\"article\" \/>\n<meta property=\"og:title\" content=\"Corrida do A\u00e7o e Caminhada mobilizam Marab\u00e1 e regi\u00e3o - Grupo A\u00e7o Cearense\" \/>\n<meta property=\"og:description\" content=\"A 8\u00aa Corrida do A\u00e7o e a 3\u00aa Caminhada, ocorridas no dia 11 de novembro,(...)\" \/>\n<meta property=\"og:url\" content=\"https:\/\/previews.elleven.digital\/acocearense\/noticia\/corrida-do-aco-e-caminhada-mobilizam-maraba-e-regiao\/\" \/>\n<meta property=\"og:site_name\" content=\"Grupo A\u00e7o Cearense\" \/>\n<meta property=\"article:modified_time\" content=\"2025-05-07T18:04:04+00:00\" \/>\n<meta property=\"og:image\" content=\"https:\/\/previews.elleven.digital\/acocearense\/wp-content\/uploads\/2025\/05\/unnamed-8.jpg\" \/>\n\t<meta property=\"og:image:width\" content=\"1024\" \/>\n\t<meta property=\"og:image:height\" content=\"724\" \/>\n\t<meta property=\"og:image:type\" content=\"image\/jpeg\" \/>\n<meta name=\"twitter:card\" content=\"summary_large_image\" \/>\n<meta name=\"twitter:label1\" content=\"Est. reading time\" \/>\n\t<meta name=\"twitter:data1\" content=\"3 minutes\" \/>\n<script type=\"application\/ld+json\" class=\"yoast-schema-graph\">{\"@context\":\"https:\\\/\\\/schema.org\",\"@graph\":[{\"@type\":\"WebPage\",\"@id\":\"https:\\\/\\\/previews.elleven.digital\\\/acocearense\\\/noticia\\\/corrida-do-aco-e-caminhada-mobilizam-maraba-e-regiao\\\/\",\"url\":\"https:\\\/\\\/previews.elleven.digital\\\/acocearense\\\/noticia\\\/corrida-do-aco-e-caminhada-mobilizam-maraba-e-regiao\\\/\",\"name\":\"Corrida do A\u00e7o e Caminhada mobilizam Marab\u00e1 e regi\u00e3o - Grupo A\u00e7o Cearense\",\"isPartOf\":{\"@id\":\"https:\\\/\\\/previews.elleven.digital\\\/acocearense\\\/#website\"},\"primaryImageOfPage\":{\"@id\":\"https:\\\/\\\/previews.elleven.digital\\\/acocearense\\\/noticia\\\/corrida-do-aco-e-caminhada-mobilizam-maraba-e-regiao\\\/#primaryimage\"},\"image\":{\"@id\":\"https:\\\/\\\/previews.elleven.digital\\\/acocearense\\\/noticia\\\/corrida-do-aco-e-caminhada-mobilizam-maraba-e-regiao\\\/#primaryimage\"},\"thumbnailUrl\":\"https:\\\/\\\/www.grupoacocearense.com.br\\\/wp-content\\\/uploads\\\/2025\\\/05\\\/unnamed-8.jpg\",\"datePublished\":\"2018-11-21T17:03:28+00:00\",\"dateModified\":\"2025-05-07T18:04:04+00:00\",\"breadcrumb\":{\"@id\":\"https:\\\/\\\/previews.elleven.digital\\\/acocearense\\\/noticia\\\/corrida-do-aco-e-caminhada-mobilizam-maraba-e-regiao\\\/#breadcrumb\"},\"inLanguage\":\"en-US\",\"potentialAction\":[{\"@type\":\"ReadAction\",\"target\":[\"https:\\\/\\\/previews.elleven.digital\\\/acocearense\\\/noticia\\\/corrida-do-aco-e-caminhada-mobilizam-maraba-e-regiao\\\/\"]}]},{\"@type\":\"ImageObject\",\"inLanguage\":\"en-US\",\"@id\":\"https:\\\/\\\/previews.elleven.digital\\\/acocearense\\\/noticia\\\/corrida-do-aco-e-caminhada-mobilizam-maraba-e-regiao\\\/#primaryimage\",\"url\":\"https:\\\/\\\/www.grupoacocearense.com.br\\\/wp-content\\\/uploads\\\/2025\\\/05\\\/unnamed-8.jpg\",\"contentUrl\":\"https:\\\/\\\/www.grupoacocearense.com.br\\\/wp-content\\\/uploads\\\/2025\\\/05\\\/unnamed-8.jpg\",\"width\":1024,\"height\":724},{\"@type\":\"BreadcrumbList\",\"@id\":\"https:\\\/\\\/previews.elleven.digital\\\/acocearense\\\/noticia\\\/corrida-do-aco-e-caminhada-mobilizam-maraba-e-regiao\\\/#breadcrumb\",\"itemListElement\":[{\"@type\":\"ListItem\",\"position\":1,\"name\":\"In\u00edcio\",\"item\":\"https:\\\/\\\/www.grupoacocearense.com.br\\\/\"},{\"@type\":\"ListItem\",\"position\":2,\"name\":\"Not\u00edcias\",\"item\":\"https:\\\/\\\/previews.elleven.digital\\\/acocearense\\\/noticias\\\/\"},{\"@type\":\"ListItem\",\"position\":3,\"name\":\"Corrida do A\u00e7o e Caminhada mobilizam Marab\u00e1 e regi\u00e3o\"}]},{\"@type\":\"WebSite\",\"@id\":\"https:\\\/\\\/previews.elleven.digital\\\/acocearense\\\/#website\",\"url\":\"https:\\\/\\\/previews.elleven.digital\\\/acocearense\\\/\",\"name\":\"A\u00e7o Cearense\",\"description\":\"H\u00e1 mais de 45 anos no mercado brasileiro do a\u00e7o.\",\"alternateName\":\"A\u00e7o Cearense\",\"potentialAction\":[{\"@type\":\"SearchAction\",\"target\":{\"@type\":\"EntryPoint\",\"urlTemplate\":\"https:\\\/\\\/previews.elleven.digital\\\/acocearense\\\/?s={search_term_string}\"},\"query-input\":{\"@type\":\"PropertyValueSpecification\",\"valueRequired\":true,\"valueName\":\"search_term_string\"}}],\"inLanguage\":\"en-US\"}]}<\/script>\n<!-- \/ Yoast SEO plugin. -->","yoast_head_json":{"title":"Corrida do A\u00e7o e Caminhada mobilizam Marab\u00e1 e regi\u00e3o - Grupo A\u00e7o Cearense","robots":{"index":"index","follow":"follow","max-snippet":"max-snippet:-1","max-image-preview":"max-image-preview:large","max-video-preview":"max-video-preview:-1"},"canonical":"https:\/\/previews.elleven.digital\/acocearense\/noticia\/corrida-do-aco-e-caminhada-mobilizam-maraba-e-regiao\/","og_locale":"en_US","og_type":"article","og_title":"Corrida do A\u00e7o e Caminhada mobilizam Marab\u00e1 e regi\u00e3o - Grupo A\u00e7o Cearense","og_description":"A 8\u00aa Corrida do A\u00e7o e a 3\u00aa Caminhada, ocorridas no dia 11 de novembro,(...)","og_url":"https:\/\/previews.elleven.digital\/acocearense\/noticia\/corrida-do-aco-e-caminhada-mobilizam-maraba-e-regiao\/","og_site_name":"Grupo A\u00e7o Cearense","article_modified_time":"2025-05-07T18:04:04+00:00","og_image":[{"width":1024,"height":724,"url":"https:\/\/previews.elleven.digital\/acocearense\/wp-content\/uploads\/2025\/05\/unnamed-8.jpg","type":"image\/jpeg"}],"twitter_card":"summary_large_image","twitter_misc":{"Est. reading time":"3 minutes"},"schema":{"@context":"https:\/\/schema.org","@graph":[{"@type":"WebPage","@id":"https:\/\/previews.elleven.digital\/acocearense\/noticia\/corrida-do-aco-e-caminhada-mobilizam-maraba-e-regiao\/","url":"https:\/\/previews.elleven.digital\/acocearense\/noticia\/corrida-do-aco-e-caminhada-mobilizam-maraba-e-regiao\/","name":"Corrida do A\u00e7o e Caminhada mobilizam Marab\u00e1 e regi\u00e3o - Grupo A\u00e7o Cearense","isPartOf":{"@id":"https:\/\/previews.elleven.digital\/acocearense\/#website"},"primaryImageOfPage":{"@id":"https:\/\/previews.elleven.digital\/acocearense\/noticia\/corrida-do-aco-e-caminhada-mobilizam-maraba-e-regiao\/#primaryimage"},"image":{"@id":"https:\/\/previews.elleven.digital\/acocearense\/noticia\/corrida-do-aco-e-caminhada-mobilizam-maraba-e-regiao\/#primaryimage"},"thumbnailUrl":"https:\/\/www.grupoacocearense.com.br\/wp-content\/uploads\/2025\/05\/unnamed-8.jpg","datePublished":"2018-11-21T17:03:28+00:00","dateModified":"2025-05-07T18:04:04+00:00","breadcrumb":{"@id":"https:\/\/previews.elleven.digital\/acocearense\/noticia\/corrida-do-aco-e-caminhada-mobilizam-maraba-e-regiao\/#breadcrumb"},"inLanguage":"en-US","potentialAction":[{"@type":"ReadAction","target":["https:\/\/previews.elleven.digital\/acocearense\/noticia\/corrida-do-aco-e-caminhada-mobilizam-maraba-e-regiao\/"]}]},{"@type":"ImageObject","inLanguage":"en-US","@id":"https:\/\/previews.elleven.digital\/acocearense\/noticia\/corrida-do-aco-e-caminhada-mobilizam-maraba-e-regiao\/#primaryimage","url":"https:\/\/www.grupoacocearense.com.br\/wp-content\/uploads\/2025\/05\/unnamed-8.jpg","contentUrl":"https:\/\/www.grupoacocearense.com.br\/wp-content\/uploads\/2025\/05\/unnamed-8.jpg","width":1024,"height":724},{"@type":"BreadcrumbList","@id":"https:\/\/previews.elleven.digital\/acocearense\/noticia\/corrida-do-aco-e-caminhada-mobilizam-maraba-e-regiao\/#breadcrumb","itemListElement":[{"@type":"ListItem","position":1,"name":"In\u00edcio","item":"https:\/\/www.grupoacocearense.com.br\/"},{"@type":"ListItem","position":2,"name":"Not\u00edcias","item":"https:\/\/previews.elleven.digital\/acocearense\/noticias\/"},{"@type":"ListItem","position":3,"name":"Corrida do A\u00e7o e Caminhada mobilizam Marab\u00e1 e regi\u00e3o"}]},{"@type":"WebSite","@id":"https:\/\/previews.elleven.digital\/acocearense\/#website","url":"https:\/\/previews.elleven.digital\/acocearense\/","name":"Cear\u00e1 Steel","description":"In the Brazilian steel market for over 45 years.","alternateName":"A\u00e7o Cearense","potentialAction":[{"@type":"SearchAction","target":{"@type":"EntryPoint","urlTemplate":"https:\/\/previews.elleven.digital\/acocearense\/?s={search_term_string}"},"query-input":{"@type":"PropertyValueSpecification","valueRequired":true,"valueName":"search_term_string"}}],"inLanguage":"en-US"}]}},"_links":{"self":[{"href":"https:\/\/www.grupoacocearense.com.br\/en\/wp-json\/wp\/v2\/noticia\/1809","targetHints":{"allow":["GET"]}}],"collection":[{"href":"https:\/\/www.grupoacocearense.com.br\/en\/wp-json\/wp\/v2\/noticia"}],"about":[{"href":"https:\/\/www.grupoacocearense.com.br\/en\/wp-json\/wp\/v2\/types\/noticia"}],"wp:featuredmedia":[{"embeddable":true,"href":"https:\/\/www.grupoacocearense.com.br\/en\/wp-json\/wp\/v2\/media\/1797"}],"wp:attachment":[{"href":"https:\/\/www.grupoacocearense.com.br\/en\/wp-json\/wp\/v2\/media?parent=1809"}],"wp:term":[{"taxonomy":"categoria-noticia","embeddable":true,"href":"https:\/\/www.grupoacocearense.com.br\/en\/wp-json\/wp\/v2\/categoria-noticia?post=1809"}],"curies":[{"name":"wp","href":"https:\/\/api.w.org\/{rel}","templated":true}]}}