{"id":1807,"date":"2018-11-20T15:02:06","date_gmt":"2018-11-20T17:02:06","guid":{"rendered":"https:\/\/www.grupoacocearense.com.br\/?post_type=noticia&#038;p=1807"},"modified":"2025-05-07T15:02:49","modified_gmt":"2025-05-07T18:02:49","slug":"aco-cearense-doa-160-mil-reais-em-notas-fiscais-para-o-crio","status":"publish","type":"noticia","link":"https:\/\/www.grupoacocearense.com.br\/en\/noticia\/aco-cearense-doa-160-mil-reais-em-notas-fiscais-para-o-crio\/","title":{"rendered":"A\u00e7o Cearense donates 160 thousand reais in invoices to CRIO"},"content":{"rendered":"<p>Pink October raises awareness about cancer prevention and diagnosis, providing information and support to cancer patients. In support of the campaign, A\u00e7o Cearense collected R$160,000 in receipts throughout the month and donated them to CRIO \u2013 the Integrated Regional Oncology Center on November 6th.<\/p>\n<p>The amount raised from the invoices will help maintain Nossa Casa (Association to Support People with Cancer) and CRIO (Integrated Regional Oncology Center) projects, such as Costurando Sonhos, in which patients develop a sewing project, making bags, car trash cans and laptop holders that are sold to raise money for the support house.<\/p>\n<p>For Lara Montenegro, Communications Manager at CRIO and Nossa Casa, these donations are crucial. &quot;We have several productive sectors to maintain, and these invoices will also help us, as the institution relies solely on donations,&quot; Lara explained.<\/p>\n<p>In addition to donating receipts, employee Wany Ara\u00fajo donated her hair to the project &quot;Um pedacinho de amor n\u00e3o d\u00f3i&quot; (A Little Piece of Love Doesn&#039;t Hurt), which makes wigs for women with cancer who have already lost their hair. Patients who wish to wear the wigs must register with CRIO and participate in the loan bank to be eligible for the hair. Once the patients no longer need the wigs, they are returned to CRIO so that other patients can use them. &quot;It&#039;s very gratifying to know that my hair will serve as motivation and encouragement to boost the self-esteem of these patients undergoing cancer treatment,&quot; said the A\u00e7o Cearense Filial employee, happy to be able to help with the project.<\/p>","protected":false},"featured_media":1799,"template":"","meta":{"_acf_changed":false,"inline_featured_image":false},"categoria-noticia":[],"class_list":["post-1807","noticia","type-noticia","status-publish","has-post-thumbnail","hentry"],"acf":{"link":""},"yoast_head":"<!-- This site is optimized with the Yoast SEO plugin v27.4 - https:\/\/yoast.com\/product\/yoast-seo-wordpress\/ -->\n<title>A\u00e7o Cearense doa 160 mil reais em notas fiscais para o CRIO - Grupo A\u00e7o Cearense<\/title>\n<meta name=\"robots\" content=\"index, follow, max-snippet:-1, max-image-preview:large, max-video-preview:-1\" \/>\n<link rel=\"canonical\" href=\"https:\/\/previews.elleven.digital\/acocearense\/noticia\/aco-cearense-doa-160-mil-reais-em-notas-fiscais-para-o-crio\/\" \/>\n<meta property=\"og:locale\" content=\"en_US\" \/>\n<meta property=\"og:type\" content=\"article\" \/>\n<meta property=\"og:title\" content=\"A\u00e7o Cearense doa 160 mil reais em notas fiscais para o CRIO - Grupo A\u00e7o Cearense\" \/>\n<meta property=\"og:description\" content=\"O Outubro Rosa conscientiza sobre a preven\u00e7\u00e3o e o diagn\u00f3stico da doen\u00e7a, trazendo informa\u00e7\u00e3o e(...)\" \/>\n<meta property=\"og:url\" content=\"https:\/\/previews.elleven.digital\/acocearense\/noticia\/aco-cearense-doa-160-mil-reais-em-notas-fiscais-para-o-crio\/\" \/>\n<meta property=\"og:site_name\" content=\"Grupo A\u00e7o Cearense\" \/>\n<meta property=\"article:modified_time\" content=\"2025-05-07T18:02:49+00:00\" \/>\n<meta property=\"og:image\" content=\"https:\/\/previews.elleven.digital\/acocearense\/wp-content\/uploads\/2025\/05\/nota-fiscal-1.png\" \/>\n\t<meta property=\"og:image:width\" content=\"400\" \/>\n\t<meta property=\"og:image:height\" content=\"300\" \/>\n\t<meta property=\"og:image:type\" content=\"image\/png\" \/>\n<meta name=\"twitter:card\" content=\"summary_large_image\" \/>\n<meta name=\"twitter:label1\" content=\"Est. reading time\" \/>\n\t<meta name=\"twitter:data1\" content=\"2 minutes\" \/>\n<script type=\"application\/ld+json\" class=\"yoast-schema-graph\">{\"@context\":\"https:\\\/\\\/schema.org\",\"@graph\":[{\"@type\":\"WebPage\",\"@id\":\"https:\\\/\\\/previews.elleven.digital\\\/acocearense\\\/noticia\\\/aco-cearense-doa-160-mil-reais-em-notas-fiscais-para-o-crio\\\/\",\"url\":\"https:\\\/\\\/previews.elleven.digital\\\/acocearense\\\/noticia\\\/aco-cearense-doa-160-mil-reais-em-notas-fiscais-para-o-crio\\\/\",\"name\":\"A\u00e7o Cearense doa 160 mil reais em notas fiscais para o CRIO - Grupo A\u00e7o Cearense\",\"isPartOf\":{\"@id\":\"https:\\\/\\\/previews.elleven.digital\\\/acocearense\\\/#website\"},\"primaryImageOfPage\":{\"@id\":\"https:\\\/\\\/previews.elleven.digital\\\/acocearense\\\/noticia\\\/aco-cearense-doa-160-mil-reais-em-notas-fiscais-para-o-crio\\\/#primaryimage\"},\"image\":{\"@id\":\"https:\\\/\\\/previews.elleven.digital\\\/acocearense\\\/noticia\\\/aco-cearense-doa-160-mil-reais-em-notas-fiscais-para-o-crio\\\/#primaryimage\"},\"thumbnailUrl\":\"https:\\\/\\\/www.grupoacocearense.com.br\\\/wp-content\\\/uploads\\\/2025\\\/05\\\/nota-fiscal-1.png\",\"datePublished\":\"2018-11-20T17:02:06+00:00\",\"dateModified\":\"2025-05-07T18:02:49+00:00\",\"breadcrumb\":{\"@id\":\"https:\\\/\\\/previews.elleven.digital\\\/acocearense\\\/noticia\\\/aco-cearense-doa-160-mil-reais-em-notas-fiscais-para-o-crio\\\/#breadcrumb\"},\"inLanguage\":\"en-US\",\"potentialAction\":[{\"@type\":\"ReadAction\",\"target\":[\"https:\\\/\\\/previews.elleven.digital\\\/acocearense\\\/noticia\\\/aco-cearense-doa-160-mil-reais-em-notas-fiscais-para-o-crio\\\/\"]}]},{\"@type\":\"ImageObject\",\"inLanguage\":\"en-US\",\"@id\":\"https:\\\/\\\/previews.elleven.digital\\\/acocearense\\\/noticia\\\/aco-cearense-doa-160-mil-reais-em-notas-fiscais-para-o-crio\\\/#primaryimage\",\"url\":\"https:\\\/\\\/www.grupoacocearense.com.br\\\/wp-content\\\/uploads\\\/2025\\\/05\\\/nota-fiscal-1.png\",\"contentUrl\":\"https:\\\/\\\/www.grupoacocearense.com.br\\\/wp-content\\\/uploads\\\/2025\\\/05\\\/nota-fiscal-1.png\",\"width\":400,\"height\":300},{\"@type\":\"BreadcrumbList\",\"@id\":\"https:\\\/\\\/previews.elleven.digital\\\/acocearense\\\/noticia\\\/aco-cearense-doa-160-mil-reais-em-notas-fiscais-para-o-crio\\\/#breadcrumb\",\"itemListElement\":[{\"@type\":\"ListItem\",\"position\":1,\"name\":\"In\u00edcio\",\"item\":\"https:\\\/\\\/www.grupoacocearense.com.br\\\/\"},{\"@type\":\"ListItem\",\"position\":2,\"name\":\"Not\u00edcias\",\"item\":\"https:\\\/\\\/previews.elleven.digital\\\/acocearense\\\/noticias\\\/\"},{\"@type\":\"ListItem\",\"position\":3,\"name\":\"A\u00e7o Cearense doa 160 mil reais em notas fiscais para o CRIO\"}]},{\"@type\":\"WebSite\",\"@id\":\"https:\\\/\\\/previews.elleven.digital\\\/acocearense\\\/#website\",\"url\":\"https:\\\/\\\/previews.elleven.digital\\\/acocearense\\\/\",\"name\":\"A\u00e7o Cearense\",\"description\":\"H\u00e1 mais de 45 anos no mercado brasileiro do a\u00e7o.\",\"alternateName\":\"A\u00e7o Cearense\",\"potentialAction\":[{\"@type\":\"SearchAction\",\"target\":{\"@type\":\"EntryPoint\",\"urlTemplate\":\"https:\\\/\\\/previews.elleven.digital\\\/acocearense\\\/?s={search_term_string}\"},\"query-input\":{\"@type\":\"PropertyValueSpecification\",\"valueRequired\":true,\"valueName\":\"search_term_string\"}}],\"inLanguage\":\"en-US\"}]}<\/script>\n<!-- \/ Yoast SEO plugin. -->","yoast_head_json":{"title":"A\u00e7o Cearense doa 160 mil reais em notas fiscais para o CRIO - Grupo A\u00e7o Cearense","robots":{"index":"index","follow":"follow","max-snippet":"max-snippet:-1","max-image-preview":"max-image-preview:large","max-video-preview":"max-video-preview:-1"},"canonical":"https:\/\/previews.elleven.digital\/acocearense\/noticia\/aco-cearense-doa-160-mil-reais-em-notas-fiscais-para-o-crio\/","og_locale":"en_US","og_type":"article","og_title":"A\u00e7o Cearense doa 160 mil reais em notas fiscais para o CRIO - Grupo A\u00e7o Cearense","og_description":"O Outubro Rosa conscientiza sobre a preven\u00e7\u00e3o e o diagn\u00f3stico da doen\u00e7a, trazendo informa\u00e7\u00e3o e(...)","og_url":"https:\/\/previews.elleven.digital\/acocearense\/noticia\/aco-cearense-doa-160-mil-reais-em-notas-fiscais-para-o-crio\/","og_site_name":"Grupo A\u00e7o Cearense","article_modified_time":"2025-05-07T18:02:49+00:00","og_image":[{"width":400,"height":300,"url":"https:\/\/previews.elleven.digital\/acocearense\/wp-content\/uploads\/2025\/05\/nota-fiscal-1.png","type":"image\/png"}],"twitter_card":"summary_large_image","twitter_misc":{"Est. reading time":"2 minutes"},"schema":{"@context":"https:\/\/schema.org","@graph":[{"@type":"WebPage","@id":"https:\/\/previews.elleven.digital\/acocearense\/noticia\/aco-cearense-doa-160-mil-reais-em-notas-fiscais-para-o-crio\/","url":"https:\/\/previews.elleven.digital\/acocearense\/noticia\/aco-cearense-doa-160-mil-reais-em-notas-fiscais-para-o-crio\/","name":"A\u00e7o Cearense doa 160 mil reais em notas fiscais para o CRIO - Grupo A\u00e7o Cearense","isPartOf":{"@id":"https:\/\/previews.elleven.digital\/acocearense\/#website"},"primaryImageOfPage":{"@id":"https:\/\/previews.elleven.digital\/acocearense\/noticia\/aco-cearense-doa-160-mil-reais-em-notas-fiscais-para-o-crio\/#primaryimage"},"image":{"@id":"https:\/\/previews.elleven.digital\/acocearense\/noticia\/aco-cearense-doa-160-mil-reais-em-notas-fiscais-para-o-crio\/#primaryimage"},"thumbnailUrl":"https:\/\/www.grupoacocearense.com.br\/wp-content\/uploads\/2025\/05\/nota-fiscal-1.png","datePublished":"2018-11-20T17:02:06+00:00","dateModified":"2025-05-07T18:02:49+00:00","breadcrumb":{"@id":"https:\/\/previews.elleven.digital\/acocearense\/noticia\/aco-cearense-doa-160-mil-reais-em-notas-fiscais-para-o-crio\/#breadcrumb"},"inLanguage":"en-US","potentialAction":[{"@type":"ReadAction","target":["https:\/\/previews.elleven.digital\/acocearense\/noticia\/aco-cearense-doa-160-mil-reais-em-notas-fiscais-para-o-crio\/"]}]},{"@type":"ImageObject","inLanguage":"en-US","@id":"https:\/\/previews.elleven.digital\/acocearense\/noticia\/aco-cearense-doa-160-mil-reais-em-notas-fiscais-para-o-crio\/#primaryimage","url":"https:\/\/www.grupoacocearense.com.br\/wp-content\/uploads\/2025\/05\/nota-fiscal-1.png","contentUrl":"https:\/\/www.grupoacocearense.com.br\/wp-content\/uploads\/2025\/05\/nota-fiscal-1.png","width":400,"height":300},{"@type":"BreadcrumbList","@id":"https:\/\/previews.elleven.digital\/acocearense\/noticia\/aco-cearense-doa-160-mil-reais-em-notas-fiscais-para-o-crio\/#breadcrumb","itemListElement":[{"@type":"ListItem","position":1,"name":"In\u00edcio","item":"https:\/\/www.grupoacocearense.com.br\/"},{"@type":"ListItem","position":2,"name":"Not\u00edcias","item":"https:\/\/previews.elleven.digital\/acocearense\/noticias\/"},{"@type":"ListItem","position":3,"name":"A\u00e7o Cearense doa 160 mil reais em notas fiscais para o CRIO"}]},{"@type":"WebSite","@id":"https:\/\/previews.elleven.digital\/acocearense\/#website","url":"https:\/\/previews.elleven.digital\/acocearense\/","name":"Cear\u00e1 Steel","description":"In the Brazilian steel market for over 45 years.","alternateName":"A\u00e7o Cearense","potentialAction":[{"@type":"SearchAction","target":{"@type":"EntryPoint","urlTemplate":"https:\/\/previews.elleven.digital\/acocearense\/?s={search_term_string}"},"query-input":{"@type":"PropertyValueSpecification","valueRequired":true,"valueName":"search_term_string"}}],"inLanguage":"en-US"}]}},"_links":{"self":[{"href":"https:\/\/www.grupoacocearense.com.br\/en\/wp-json\/wp\/v2\/noticia\/1807","targetHints":{"allow":["GET"]}}],"collection":[{"href":"https:\/\/www.grupoacocearense.com.br\/en\/wp-json\/wp\/v2\/noticia"}],"about":[{"href":"https:\/\/www.grupoacocearense.com.br\/en\/wp-json\/wp\/v2\/types\/noticia"}],"wp:featuredmedia":[{"embeddable":true,"href":"https:\/\/www.grupoacocearense.com.br\/en\/wp-json\/wp\/v2\/media\/1799"}],"wp:attachment":[{"href":"https:\/\/www.grupoacocearense.com.br\/en\/wp-json\/wp\/v2\/media?parent=1807"}],"wp:term":[{"taxonomy":"categoria-noticia","embeddable":true,"href":"https:\/\/www.grupoacocearense.com.br\/en\/wp-json\/wp\/v2\/categoria-noticia?post=1807"}],"curies":[{"name":"wp","href":"https:\/\/api.w.org\/{rel}","templated":true}]}}