{"id":1804,"date":"2018-10-17T15:00:48","date_gmt":"2018-10-17T18:00:48","guid":{"rendered":"https:\/\/www.grupoacocearense.com.br\/?post_type=noticia&#038;p=1804"},"modified":"2025-05-07T15:01:06","modified_gmt":"2025-05-07T18:01:06","slug":"grupo-aco-cearense-comemora-39-anos-em-outubro","status":"publish","type":"noticia","link":"https:\/\/www.grupoacocearense.com.br\/en\/noticia\/grupo-aco-cearense-comemora-39-anos-em-outubro\/","title":{"rendered":"A\u00e7o Cearense Group celebrates 39 years in October"},"content":{"rendered":"<div class=\"m_-2896505235415326271m_2630417628822486371m_-8276943099434059317m_-7031414759185405870m_-2097064441087369140m_5648663913453273840gmail-AD2M2015Texto\">A story of hard work, effort, and recognition. This is the trajectory of Grupo A\u00e7o Cearense, one of the largest business groups in Cear\u00e1, which celebrates its 39th anniversary on October 15th.<\/div>\n<div class=\"m_-2896505235415326271m_2630417628822486371m_-8276943099434059317m_-7031414759185405870m_-2097064441087369140m_5648663913453273840gmail-AD2M2015Texto\"><\/div>\n<div class=\"m_-2896505235415326271m_2630417628822486371m_-8276943099434059317m_-7031414759185405870m_-2097064441087369140m_5648663913453273840gmail-AD2M2015Texto\">Throughout its history, Grupo A\u00e7o Cearense has expanded and diversified its operations, evolving from a small distributor to an importer, a large distributor, a processor, and a steel producer, becoming a recognized leader in the North and Northeast markets. Nearly four decades of experience led the Group to achieve annual revenue of R$2.2 billion in 2017, even amid the country&#039;s economic crisis. Its diverse product mix is distributed to all Brazilian states through a unique logistics strategy.<\/div>\n<div class=\"m_-2896505235415326271m_2630417628822486371m_-8276943099434059317m_-7031414759185405870m_-2097064441087369140m_5648663913453273840gmail-AD2M2015Texto\"><\/div>\n<div class=\"m_-2896505235415326271m_2630417628822486371m_-8276943099434059317m_-7031414759185405870m_-2097064441087369140m_5648663913453273840gmail-AD2M2015Texto\">Today, the A\u00e7o Cearense Group has five companies in three Brazilian states: A\u00e7o Cearense Industrial, A\u00e7o Cearense Comercial and the Instituto A\u00e7o Cearense in Cear\u00e1; SINOBRAS in Par\u00e1 and SINOBRAS Florestal in Tocantins, which together generate almost 4,000 direct jobs and 60,000 indirect jobs.<\/div>","protected":false},"featured_media":1802,"template":"","meta":{"_acf_changed":false,"inline_featured_image":false},"categoria-noticia":[],"class_list":["post-1804","noticia","type-noticia","status-publish","has-post-thumbnail","hentry"],"acf":{"link":""},"yoast_head":"<!-- This site is optimized with the Yoast SEO plugin v27.4 - https:\/\/yoast.com\/product\/yoast-seo-wordpress\/ -->\n<title>Grupo A\u00e7o Cearense comemora 39 anos em outubro - Grupo A\u00e7o Cearense<\/title>\n<meta name=\"robots\" content=\"index, follow, max-snippet:-1, max-image-preview:large, max-video-preview:-1\" \/>\n<link rel=\"canonical\" href=\"https:\/\/previews.elleven.digital\/acocearense\/noticia\/grupo-aco-cearense-comemora-39-anos-em-outubro\/\" \/>\n<meta property=\"og:locale\" content=\"en_US\" \/>\n<meta property=\"og:type\" content=\"article\" \/>\n<meta property=\"og:title\" content=\"Grupo A\u00e7o Cearense comemora 39 anos em outubro - Grupo A\u00e7o Cearense\" \/>\n<meta property=\"og:description\" content=\"Uma hist\u00f3ria de muito trabalho, esfor\u00e7o e reconhecimento. Essa \u00e9 a trajet\u00f3ria do Grupo A\u00e7o(...)\" \/>\n<meta property=\"og:url\" content=\"https:\/\/previews.elleven.digital\/acocearense\/noticia\/grupo-aco-cearense-comemora-39-anos-em-outubro\/\" \/>\n<meta property=\"og:site_name\" content=\"Grupo A\u00e7o Cearense\" \/>\n<meta property=\"article:modified_time\" content=\"2025-05-07T18:01:06+00:00\" \/>\n<meta property=\"og:image\" content=\"https:\/\/previews.elleven.digital\/acocearense\/wp-content\/uploads\/2025\/05\/gac.png\" \/>\n\t<meta property=\"og:image:width\" content=\"360\" \/>\n\t<meta property=\"og:image:height\" content=\"230\" \/>\n\t<meta property=\"og:image:type\" content=\"image\/png\" \/>\n<meta name=\"twitter:card\" content=\"summary_large_image\" \/>\n<meta name=\"twitter:label1\" content=\"Est. reading time\" \/>\n\t<meta name=\"twitter:data1\" content=\"1 minute\" \/>\n<script type=\"application\/ld+json\" class=\"yoast-schema-graph\">{\"@context\":\"https:\\\/\\\/schema.org\",\"@graph\":[{\"@type\":\"WebPage\",\"@id\":\"https:\\\/\\\/previews.elleven.digital\\\/acocearense\\\/noticia\\\/grupo-aco-cearense-comemora-39-anos-em-outubro\\\/\",\"url\":\"https:\\\/\\\/previews.elleven.digital\\\/acocearense\\\/noticia\\\/grupo-aco-cearense-comemora-39-anos-em-outubro\\\/\",\"name\":\"Grupo A\u00e7o Cearense comemora 39 anos em outubro - Grupo A\u00e7o Cearense\",\"isPartOf\":{\"@id\":\"https:\\\/\\\/previews.elleven.digital\\\/acocearense\\\/#website\"},\"primaryImageOfPage\":{\"@id\":\"https:\\\/\\\/previews.elleven.digital\\\/acocearense\\\/noticia\\\/grupo-aco-cearense-comemora-39-anos-em-outubro\\\/#primaryimage\"},\"image\":{\"@id\":\"https:\\\/\\\/previews.elleven.digital\\\/acocearense\\\/noticia\\\/grupo-aco-cearense-comemora-39-anos-em-outubro\\\/#primaryimage\"},\"thumbnailUrl\":\"https:\\\/\\\/www.grupoacocearense.com.br\\\/wp-content\\\/uploads\\\/2025\\\/05\\\/gac.png\",\"datePublished\":\"2018-10-17T18:00:48+00:00\",\"dateModified\":\"2025-05-07T18:01:06+00:00\",\"breadcrumb\":{\"@id\":\"https:\\\/\\\/previews.elleven.digital\\\/acocearense\\\/noticia\\\/grupo-aco-cearense-comemora-39-anos-em-outubro\\\/#breadcrumb\"},\"inLanguage\":\"en-US\",\"potentialAction\":[{\"@type\":\"ReadAction\",\"target\":[\"https:\\\/\\\/previews.elleven.digital\\\/acocearense\\\/noticia\\\/grupo-aco-cearense-comemora-39-anos-em-outubro\\\/\"]}]},{\"@type\":\"ImageObject\",\"inLanguage\":\"en-US\",\"@id\":\"https:\\\/\\\/previews.elleven.digital\\\/acocearense\\\/noticia\\\/grupo-aco-cearense-comemora-39-anos-em-outubro\\\/#primaryimage\",\"url\":\"https:\\\/\\\/www.grupoacocearense.com.br\\\/wp-content\\\/uploads\\\/2025\\\/05\\\/gac.png\",\"contentUrl\":\"https:\\\/\\\/www.grupoacocearense.com.br\\\/wp-content\\\/uploads\\\/2025\\\/05\\\/gac.png\",\"width\":360,\"height\":230},{\"@type\":\"BreadcrumbList\",\"@id\":\"https:\\\/\\\/previews.elleven.digital\\\/acocearense\\\/noticia\\\/grupo-aco-cearense-comemora-39-anos-em-outubro\\\/#breadcrumb\",\"itemListElement\":[{\"@type\":\"ListItem\",\"position\":1,\"name\":\"In\u00edcio\",\"item\":\"https:\\\/\\\/www.grupoacocearense.com.br\\\/\"},{\"@type\":\"ListItem\",\"position\":2,\"name\":\"Not\u00edcias\",\"item\":\"https:\\\/\\\/previews.elleven.digital\\\/acocearense\\\/noticias\\\/\"},{\"@type\":\"ListItem\",\"position\":3,\"name\":\"Grupo A\u00e7o Cearense comemora 39 anos em outubro\"}]},{\"@type\":\"WebSite\",\"@id\":\"https:\\\/\\\/previews.elleven.digital\\\/acocearense\\\/#website\",\"url\":\"https:\\\/\\\/previews.elleven.digital\\\/acocearense\\\/\",\"name\":\"A\u00e7o Cearense\",\"description\":\"H\u00e1 mais de 45 anos no mercado brasileiro do a\u00e7o.\",\"alternateName\":\"A\u00e7o Cearense\",\"potentialAction\":[{\"@type\":\"SearchAction\",\"target\":{\"@type\":\"EntryPoint\",\"urlTemplate\":\"https:\\\/\\\/previews.elleven.digital\\\/acocearense\\\/?s={search_term_string}\"},\"query-input\":{\"@type\":\"PropertyValueSpecification\",\"valueRequired\":true,\"valueName\":\"search_term_string\"}}],\"inLanguage\":\"en-US\"}]}<\/script>\n<!-- \/ Yoast SEO plugin. -->","yoast_head_json":{"title":"Grupo A\u00e7o Cearense comemora 39 anos em outubro - Grupo A\u00e7o Cearense","robots":{"index":"index","follow":"follow","max-snippet":"max-snippet:-1","max-image-preview":"max-image-preview:large","max-video-preview":"max-video-preview:-1"},"canonical":"https:\/\/previews.elleven.digital\/acocearense\/noticia\/grupo-aco-cearense-comemora-39-anos-em-outubro\/","og_locale":"en_US","og_type":"article","og_title":"Grupo A\u00e7o Cearense comemora 39 anos em outubro - Grupo A\u00e7o Cearense","og_description":"Uma hist\u00f3ria de muito trabalho, esfor\u00e7o e reconhecimento. Essa \u00e9 a trajet\u00f3ria do Grupo A\u00e7o(...)","og_url":"https:\/\/previews.elleven.digital\/acocearense\/noticia\/grupo-aco-cearense-comemora-39-anos-em-outubro\/","og_site_name":"Grupo A\u00e7o Cearense","article_modified_time":"2025-05-07T18:01:06+00:00","og_image":[{"width":360,"height":230,"url":"https:\/\/previews.elleven.digital\/acocearense\/wp-content\/uploads\/2025\/05\/gac.png","type":"image\/png"}],"twitter_card":"summary_large_image","twitter_misc":{"Est. reading time":"1 minute"},"schema":{"@context":"https:\/\/schema.org","@graph":[{"@type":"WebPage","@id":"https:\/\/previews.elleven.digital\/acocearense\/noticia\/grupo-aco-cearense-comemora-39-anos-em-outubro\/","url":"https:\/\/previews.elleven.digital\/acocearense\/noticia\/grupo-aco-cearense-comemora-39-anos-em-outubro\/","name":"Grupo A\u00e7o Cearense comemora 39 anos em outubro - Grupo A\u00e7o Cearense","isPartOf":{"@id":"https:\/\/previews.elleven.digital\/acocearense\/#website"},"primaryImageOfPage":{"@id":"https:\/\/previews.elleven.digital\/acocearense\/noticia\/grupo-aco-cearense-comemora-39-anos-em-outubro\/#primaryimage"},"image":{"@id":"https:\/\/previews.elleven.digital\/acocearense\/noticia\/grupo-aco-cearense-comemora-39-anos-em-outubro\/#primaryimage"},"thumbnailUrl":"https:\/\/www.grupoacocearense.com.br\/wp-content\/uploads\/2025\/05\/gac.png","datePublished":"2018-10-17T18:00:48+00:00","dateModified":"2025-05-07T18:01:06+00:00","breadcrumb":{"@id":"https:\/\/previews.elleven.digital\/acocearense\/noticia\/grupo-aco-cearense-comemora-39-anos-em-outubro\/#breadcrumb"},"inLanguage":"en-US","potentialAction":[{"@type":"ReadAction","target":["https:\/\/previews.elleven.digital\/acocearense\/noticia\/grupo-aco-cearense-comemora-39-anos-em-outubro\/"]}]},{"@type":"ImageObject","inLanguage":"en-US","@id":"https:\/\/previews.elleven.digital\/acocearense\/noticia\/grupo-aco-cearense-comemora-39-anos-em-outubro\/#primaryimage","url":"https:\/\/www.grupoacocearense.com.br\/wp-content\/uploads\/2025\/05\/gac.png","contentUrl":"https:\/\/www.grupoacocearense.com.br\/wp-content\/uploads\/2025\/05\/gac.png","width":360,"height":230},{"@type":"BreadcrumbList","@id":"https:\/\/previews.elleven.digital\/acocearense\/noticia\/grupo-aco-cearense-comemora-39-anos-em-outubro\/#breadcrumb","itemListElement":[{"@type":"ListItem","position":1,"name":"In\u00edcio","item":"https:\/\/www.grupoacocearense.com.br\/"},{"@type":"ListItem","position":2,"name":"Not\u00edcias","item":"https:\/\/previews.elleven.digital\/acocearense\/noticias\/"},{"@type":"ListItem","position":3,"name":"Grupo A\u00e7o Cearense comemora 39 anos em outubro"}]},{"@type":"WebSite","@id":"https:\/\/previews.elleven.digital\/acocearense\/#website","url":"https:\/\/previews.elleven.digital\/acocearense\/","name":"Cear\u00e1 Steel","description":"In the Brazilian steel market for over 45 years.","alternateName":"A\u00e7o Cearense","potentialAction":[{"@type":"SearchAction","target":{"@type":"EntryPoint","urlTemplate":"https:\/\/previews.elleven.digital\/acocearense\/?s={search_term_string}"},"query-input":{"@type":"PropertyValueSpecification","valueRequired":true,"valueName":"search_term_string"}}],"inLanguage":"en-US"}]}},"_links":{"self":[{"href":"https:\/\/www.grupoacocearense.com.br\/en\/wp-json\/wp\/v2\/noticia\/1804","targetHints":{"allow":["GET"]}}],"collection":[{"href":"https:\/\/www.grupoacocearense.com.br\/en\/wp-json\/wp\/v2\/noticia"}],"about":[{"href":"https:\/\/www.grupoacocearense.com.br\/en\/wp-json\/wp\/v2\/types\/noticia"}],"wp:featuredmedia":[{"embeddable":true,"href":"https:\/\/www.grupoacocearense.com.br\/en\/wp-json\/wp\/v2\/media\/1802"}],"wp:attachment":[{"href":"https:\/\/www.grupoacocearense.com.br\/en\/wp-json\/wp\/v2\/media?parent=1804"}],"wp:term":[{"taxonomy":"categoria-noticia","embeddable":true,"href":"https:\/\/www.grupoacocearense.com.br\/en\/wp-json\/wp\/v2\/categoria-noticia?post=1804"}],"curies":[{"name":"wp","href":"https:\/\/api.w.org\/{rel}","templated":true}]}}