{"id":1792,"date":"2018-10-09T14:56:57","date_gmt":"2018-10-09T17:56:57","guid":{"rendered":"https:\/\/www.grupoacocearense.com.br\/?post_type=noticia&#038;p=1792"},"modified":"2025-05-07T14:57:26","modified_gmt":"2025-05-07T17:57:26","slug":"instituto-aco-cearense-promove-forro-dos-idosos","status":"publish","type":"noticia","link":"https:\/\/www.grupoacocearense.com.br\/en\/noticia\/instituto-aco-cearense-promove-forro-dos-idosos\/","title":{"rendered":"Cear\u00e1 Steel Institute promotes Forr\u00f3 for the Elderly"},"content":{"rendered":"<p>On October 1st, Senior Citizens&#039; Day is celebrated and to commemorate the date, the Instituto A\u00e7o Cearense (IAC) and the Associa\u00e7\u00e3o Escola de Campe\u00f5es promoted the Forr\u00f3 dos Idosos last Friday (28), with lots of entertainment and social services.<\/p>\n<p>The event took place at the Association&#039;s gym, and the entertainment was provided by the Musicar&#039;te Jacar\u00e9 do Repente Group, which provided great music. Free health and beauty services were also offered during the event, including haircuts, barbering, massage therapy, eyebrow shaping, manicures, and makeup.<br \/>\n<img loading=\"lazy\" decoding=\"async\" class=\"aligncenter wp-image-3903\" src=\"https:\/\/grupoacocearense.com.br\/wp-content\/uploads\/2018\/10\/unnamed-5.jpg\" sizes=\"auto, (max-width: 493px) 100vw, 493px\" srcset=\"https:\/\/www.grupoacocearense.com.br\/wp-content\/uploads\/2018\/10\/unnamed-5.jpg 4608w, https:\/\/www.grupoacocearense.com.br\/wp-content\/uploads\/2018\/10\/unnamed-5-300x225.jpg 300w, https:\/\/www.grupoacocearense.com.br\/wp-content\/uploads\/2018\/10\/unnamed-5-768x576.jpg 768w, https:\/\/www.grupoacocearense.com.br\/wp-content\/uploads\/2018\/10\/unnamed-5-1024x768.jpg 1024w\" alt=\"\" width=\"493\" height=\"370\" \/>Maria do Socorro Mendes, from the Ivete Alc\u00e2ntara Senior Citizens Group in S\u00e3o Gon\u00e7alo do Amarante, commented: &quot;I loved today&#039;s event. I danced a lot of forr\u00f3 and got my nails done. I thought it was all great, fun, and I really enjoyed participating. It was great!&quot; she said excitedly.<\/p>\n<p>Approximately 200 seniors participated in the event, including residents of the Mestre Ant\u00f4nio de Caucaia neighborhood and surrounding areas, as well as caravans from S\u00e3o Gon\u00e7alo do Amarante and other municipalities in the state. &quot;The joy and satisfaction of the seniors was contagious!&quot; said Rosemeire Matos, President of the Instituto A\u00e7o Cearense.<\/p>","protected":false},"featured_media":1774,"template":"","meta":{"_acf_changed":false,"inline_featured_image":false},"categoria-noticia":[],"class_list":["post-1792","noticia","type-noticia","status-publish","has-post-thumbnail","hentry"],"acf":{"link":""},"yoast_head":"<!-- This site is optimized with the Yoast SEO plugin v27.4 - https:\/\/yoast.com\/product\/yoast-seo-wordpress\/ -->\n<title>Instituto A\u00e7o Cearense promove Forr\u00f3 dos Idosos - Grupo A\u00e7o Cearense<\/title>\n<meta name=\"robots\" content=\"index, follow, max-snippet:-1, max-image-preview:large, max-video-preview:-1\" \/>\n<link rel=\"canonical\" href=\"https:\/\/previews.elleven.digital\/acocearense\/noticia\/instituto-aco-cearense-promove-forro-dos-idosos\/\" \/>\n<meta property=\"og:locale\" content=\"en_US\" \/>\n<meta property=\"og:type\" content=\"article\" \/>\n<meta property=\"og:title\" content=\"Instituto A\u00e7o Cearense promove Forr\u00f3 dos Idosos - Grupo A\u00e7o Cearense\" \/>\n<meta property=\"og:description\" content=\"No dia 1\u00ba de outubro \u00e9 celebrado o Dia do Idoso e para comemorar a(...)\" \/>\n<meta property=\"og:url\" content=\"https:\/\/previews.elleven.digital\/acocearense\/noticia\/instituto-aco-cearense-promove-forro-dos-idosos\/\" \/>\n<meta property=\"og:site_name\" content=\"Grupo A\u00e7o Cearense\" \/>\n<meta property=\"article:modified_time\" content=\"2025-05-07T17:57:26+00:00\" \/>\n<meta property=\"og:image\" content=\"https:\/\/previews.elleven.digital\/acocearense\/wp-content\/uploads\/2025\/05\/unnamed-3.jpg\" \/>\n\t<meta property=\"og:image:width\" content=\"941\" \/>\n\t<meta property=\"og:image:height\" content=\"599\" \/>\n\t<meta property=\"og:image:type\" content=\"image\/jpeg\" \/>\n<meta name=\"twitter:card\" content=\"summary_large_image\" \/>\n<meta name=\"twitter:label1\" content=\"Est. reading time\" \/>\n\t<meta name=\"twitter:data1\" content=\"2 minutes\" \/>\n<script type=\"application\/ld+json\" class=\"yoast-schema-graph\">{\"@context\":\"https:\\\/\\\/schema.org\",\"@graph\":[{\"@type\":\"WebPage\",\"@id\":\"https:\\\/\\\/previews.elleven.digital\\\/acocearense\\\/noticia\\\/instituto-aco-cearense-promove-forro-dos-idosos\\\/\",\"url\":\"https:\\\/\\\/previews.elleven.digital\\\/acocearense\\\/noticia\\\/instituto-aco-cearense-promove-forro-dos-idosos\\\/\",\"name\":\"Instituto A\u00e7o Cearense promove Forr\u00f3 dos Idosos - Grupo A\u00e7o Cearense\",\"isPartOf\":{\"@id\":\"https:\\\/\\\/previews.elleven.digital\\\/acocearense\\\/#website\"},\"primaryImageOfPage\":{\"@id\":\"https:\\\/\\\/previews.elleven.digital\\\/acocearense\\\/noticia\\\/instituto-aco-cearense-promove-forro-dos-idosos\\\/#primaryimage\"},\"image\":{\"@id\":\"https:\\\/\\\/previews.elleven.digital\\\/acocearense\\\/noticia\\\/instituto-aco-cearense-promove-forro-dos-idosos\\\/#primaryimage\"},\"thumbnailUrl\":\"https:\\\/\\\/www.grupoacocearense.com.br\\\/wp-content\\\/uploads\\\/2025\\\/05\\\/unnamed-3.jpg\",\"datePublished\":\"2018-10-09T17:56:57+00:00\",\"dateModified\":\"2025-05-07T17:57:26+00:00\",\"breadcrumb\":{\"@id\":\"https:\\\/\\\/previews.elleven.digital\\\/acocearense\\\/noticia\\\/instituto-aco-cearense-promove-forro-dos-idosos\\\/#breadcrumb\"},\"inLanguage\":\"en-US\",\"potentialAction\":[{\"@type\":\"ReadAction\",\"target\":[\"https:\\\/\\\/previews.elleven.digital\\\/acocearense\\\/noticia\\\/instituto-aco-cearense-promove-forro-dos-idosos\\\/\"]}]},{\"@type\":\"ImageObject\",\"inLanguage\":\"en-US\",\"@id\":\"https:\\\/\\\/previews.elleven.digital\\\/acocearense\\\/noticia\\\/instituto-aco-cearense-promove-forro-dos-idosos\\\/#primaryimage\",\"url\":\"https:\\\/\\\/www.grupoacocearense.com.br\\\/wp-content\\\/uploads\\\/2025\\\/05\\\/unnamed-3.jpg\",\"contentUrl\":\"https:\\\/\\\/www.grupoacocearense.com.br\\\/wp-content\\\/uploads\\\/2025\\\/05\\\/unnamed-3.jpg\",\"width\":941,\"height\":599},{\"@type\":\"BreadcrumbList\",\"@id\":\"https:\\\/\\\/previews.elleven.digital\\\/acocearense\\\/noticia\\\/instituto-aco-cearense-promove-forro-dos-idosos\\\/#breadcrumb\",\"itemListElement\":[{\"@type\":\"ListItem\",\"position\":1,\"name\":\"In\u00edcio\",\"item\":\"https:\\\/\\\/www.grupoacocearense.com.br\\\/\"},{\"@type\":\"ListItem\",\"position\":2,\"name\":\"Not\u00edcias\",\"item\":\"https:\\\/\\\/previews.elleven.digital\\\/acocearense\\\/noticias\\\/\"},{\"@type\":\"ListItem\",\"position\":3,\"name\":\"Instituto A\u00e7o Cearense promove Forr\u00f3 dos Idosos\"}]},{\"@type\":\"WebSite\",\"@id\":\"https:\\\/\\\/previews.elleven.digital\\\/acocearense\\\/#website\",\"url\":\"https:\\\/\\\/previews.elleven.digital\\\/acocearense\\\/\",\"name\":\"A\u00e7o Cearense\",\"description\":\"H\u00e1 mais de 45 anos no mercado brasileiro do a\u00e7o.\",\"alternateName\":\"A\u00e7o Cearense\",\"potentialAction\":[{\"@type\":\"SearchAction\",\"target\":{\"@type\":\"EntryPoint\",\"urlTemplate\":\"https:\\\/\\\/previews.elleven.digital\\\/acocearense\\\/?s={search_term_string}\"},\"query-input\":{\"@type\":\"PropertyValueSpecification\",\"valueRequired\":true,\"valueName\":\"search_term_string\"}}],\"inLanguage\":\"en-US\"}]}<\/script>\n<!-- \/ Yoast SEO plugin. -->","yoast_head_json":{"title":"Instituto A\u00e7o Cearense promove Forr\u00f3 dos Idosos - Grupo A\u00e7o Cearense","robots":{"index":"index","follow":"follow","max-snippet":"max-snippet:-1","max-image-preview":"max-image-preview:large","max-video-preview":"max-video-preview:-1"},"canonical":"https:\/\/previews.elleven.digital\/acocearense\/noticia\/instituto-aco-cearense-promove-forro-dos-idosos\/","og_locale":"en_US","og_type":"article","og_title":"Instituto A\u00e7o Cearense promove Forr\u00f3 dos Idosos - Grupo A\u00e7o Cearense","og_description":"No dia 1\u00ba de outubro \u00e9 celebrado o Dia do Idoso e para comemorar a(...)","og_url":"https:\/\/previews.elleven.digital\/acocearense\/noticia\/instituto-aco-cearense-promove-forro-dos-idosos\/","og_site_name":"Grupo A\u00e7o Cearense","article_modified_time":"2025-05-07T17:57:26+00:00","og_image":[{"width":941,"height":599,"url":"https:\/\/previews.elleven.digital\/acocearense\/wp-content\/uploads\/2025\/05\/unnamed-3.jpg","type":"image\/jpeg"}],"twitter_card":"summary_large_image","twitter_misc":{"Est. reading time":"2 minutes"},"schema":{"@context":"https:\/\/schema.org","@graph":[{"@type":"WebPage","@id":"https:\/\/previews.elleven.digital\/acocearense\/noticia\/instituto-aco-cearense-promove-forro-dos-idosos\/","url":"https:\/\/previews.elleven.digital\/acocearense\/noticia\/instituto-aco-cearense-promove-forro-dos-idosos\/","name":"Instituto A\u00e7o Cearense promove Forr\u00f3 dos Idosos - Grupo A\u00e7o Cearense","isPartOf":{"@id":"https:\/\/previews.elleven.digital\/acocearense\/#website"},"primaryImageOfPage":{"@id":"https:\/\/previews.elleven.digital\/acocearense\/noticia\/instituto-aco-cearense-promove-forro-dos-idosos\/#primaryimage"},"image":{"@id":"https:\/\/previews.elleven.digital\/acocearense\/noticia\/instituto-aco-cearense-promove-forro-dos-idosos\/#primaryimage"},"thumbnailUrl":"https:\/\/www.grupoacocearense.com.br\/wp-content\/uploads\/2025\/05\/unnamed-3.jpg","datePublished":"2018-10-09T17:56:57+00:00","dateModified":"2025-05-07T17:57:26+00:00","breadcrumb":{"@id":"https:\/\/previews.elleven.digital\/acocearense\/noticia\/instituto-aco-cearense-promove-forro-dos-idosos\/#breadcrumb"},"inLanguage":"en-US","potentialAction":[{"@type":"ReadAction","target":["https:\/\/previews.elleven.digital\/acocearense\/noticia\/instituto-aco-cearense-promove-forro-dos-idosos\/"]}]},{"@type":"ImageObject","inLanguage":"en-US","@id":"https:\/\/previews.elleven.digital\/acocearense\/noticia\/instituto-aco-cearense-promove-forro-dos-idosos\/#primaryimage","url":"https:\/\/www.grupoacocearense.com.br\/wp-content\/uploads\/2025\/05\/unnamed-3.jpg","contentUrl":"https:\/\/www.grupoacocearense.com.br\/wp-content\/uploads\/2025\/05\/unnamed-3.jpg","width":941,"height":599},{"@type":"BreadcrumbList","@id":"https:\/\/previews.elleven.digital\/acocearense\/noticia\/instituto-aco-cearense-promove-forro-dos-idosos\/#breadcrumb","itemListElement":[{"@type":"ListItem","position":1,"name":"In\u00edcio","item":"https:\/\/www.grupoacocearense.com.br\/"},{"@type":"ListItem","position":2,"name":"Not\u00edcias","item":"https:\/\/previews.elleven.digital\/acocearense\/noticias\/"},{"@type":"ListItem","position":3,"name":"Instituto A\u00e7o Cearense promove Forr\u00f3 dos Idosos"}]},{"@type":"WebSite","@id":"https:\/\/previews.elleven.digital\/acocearense\/#website","url":"https:\/\/previews.elleven.digital\/acocearense\/","name":"Cear\u00e1 Steel","description":"In the Brazilian steel market for over 45 years.","alternateName":"A\u00e7o Cearense","potentialAction":[{"@type":"SearchAction","target":{"@type":"EntryPoint","urlTemplate":"https:\/\/previews.elleven.digital\/acocearense\/?s={search_term_string}"},"query-input":{"@type":"PropertyValueSpecification","valueRequired":true,"valueName":"search_term_string"}}],"inLanguage":"en-US"}]}},"_links":{"self":[{"href":"https:\/\/www.grupoacocearense.com.br\/en\/wp-json\/wp\/v2\/noticia\/1792","targetHints":{"allow":["GET"]}}],"collection":[{"href":"https:\/\/www.grupoacocearense.com.br\/en\/wp-json\/wp\/v2\/noticia"}],"about":[{"href":"https:\/\/www.grupoacocearense.com.br\/en\/wp-json\/wp\/v2\/types\/noticia"}],"wp:featuredmedia":[{"embeddable":true,"href":"https:\/\/www.grupoacocearense.com.br\/en\/wp-json\/wp\/v2\/media\/1774"}],"wp:attachment":[{"href":"https:\/\/www.grupoacocearense.com.br\/en\/wp-json\/wp\/v2\/media?parent=1792"}],"wp:term":[{"taxonomy":"categoria-noticia","embeddable":true,"href":"https:\/\/www.grupoacocearense.com.br\/en\/wp-json\/wp\/v2\/categoria-noticia?post=1792"}],"curies":[{"name":"wp","href":"https:\/\/api.w.org\/{rel}","templated":true}]}}