{"id":1789,"date":"2018-09-04T14:55:29","date_gmt":"2018-09-04T17:55:29","guid":{"rendered":"https:\/\/www.grupoacocearense.com.br\/?post_type=noticia&#038;p=1789"},"modified":"2025-05-07T14:55:58","modified_gmt":"2025-05-07T17:55:58","slug":"time-de-society-de-colaboradores-da-aco-cearense-comercial-avanca-em-competicao","status":"publish","type":"noticia","link":"https:\/\/www.grupoacocearense.com.br\/en\/noticia\/time-de-society-de-colaboradores-da-aco-cearense-comercial-avanca-em-competicao\/","title":{"rendered":"A\u00e7o Cearense Comercial&#039;s partnership team advances in competition"},"content":{"rendered":"<p>The A\u00e7o Cearense Comercial Soccer Society team competed on Sunday (26) and drew with the Sapataria Nova team from North Shopping. The game is part of the 5th edition of the Commercial Workers&#039; Union Soccer Championship.<\/p>\n<p>The game ended 4-4, securing a spot in the next round of the competition for A\u00e7o Cearense Comercial. The goals were scored by Ca\u00edque Dantas (1 goal) and Jo\u00e3o Lucas Ferreira (3 goals), both warehouse workers.<\/p>\n<p>&quot;I thank everyone involved for their support. I also thank the players, who, despite the difficulties and unforeseen circumstances, maintained their determination and achieved a good result that earned us qualification. Now our goal is to win the next game and finish first in the group,&quot; said the team&#039;s coach, Gutemberg da Silva, from the Maintenance department.<\/p>\n<h2>Next match<\/h2>\n<p>The team&#039;s next match is scheduled for the 7th of next month, at Clube dos Comerci\u00e1rios (Avenida Dom Almeida Lustosa, Santa Rita neighborhood in Caucaia), against the Sapataria Nova do Centro team, which is the current champion of the competition.<br \/>\nEntry to watch the game and access the Club costs R$ 15.00.<\/p>","protected":false},"featured_media":1777,"template":"","meta":{"_acf_changed":false,"inline_featured_image":false},"categoria-noticia":[],"class_list":["post-1789","noticia","type-noticia","status-publish","has-post-thumbnail","hentry"],"acf":{"link":""},"yoast_head":"<!-- This site is optimized with the Yoast SEO plugin v27.4 - https:\/\/yoast.com\/product\/yoast-seo-wordpress\/ -->\n<title>Time de society de colaboradores da A\u00e7o Cearense Comercial avan\u00e7a em competi\u00e7\u00e3o - Grupo A\u00e7o Cearense<\/title>\n<meta name=\"robots\" content=\"index, follow, max-snippet:-1, max-image-preview:large, max-video-preview:-1\" \/>\n<link rel=\"canonical\" href=\"https:\/\/previews.elleven.digital\/acocearense\/noticia\/time-de-society-de-colaboradores-da-aco-cearense-comercial-avanca-em-competicao\/\" \/>\n<meta property=\"og:locale\" content=\"en_US\" \/>\n<meta property=\"og:type\" content=\"article\" \/>\n<meta property=\"og:title\" content=\"Time de society de colaboradores da A\u00e7o Cearense Comercial avan\u00e7a em competi\u00e7\u00e3o - Grupo A\u00e7o Cearense\" \/>\n<meta property=\"og:description\" content=\"O time de Futebol Society da A\u00e7o Cearense Comercial competiu no domingo (26) e empatou(...)\" \/>\n<meta property=\"og:url\" content=\"https:\/\/previews.elleven.digital\/acocearense\/noticia\/time-de-society-de-colaboradores-da-aco-cearense-comercial-avanca-em-competicao\/\" \/>\n<meta property=\"og:site_name\" content=\"Grupo A\u00e7o Cearense\" \/>\n<meta property=\"article:modified_time\" content=\"2025-05-07T17:55:58+00:00\" \/>\n<meta property=\"og:image\" content=\"https:\/\/previews.elleven.digital\/acocearense\/wp-content\/uploads\/2025\/05\/futsal.jpg\" \/>\n\t<meta property=\"og:image:width\" content=\"699\" \/>\n\t<meta property=\"og:image:height\" content=\"471\" \/>\n\t<meta property=\"og:image:type\" content=\"image\/jpeg\" \/>\n<meta name=\"twitter:card\" content=\"summary_large_image\" \/>\n<meta name=\"twitter:label1\" content=\"Est. reading time\" \/>\n\t<meta name=\"twitter:data1\" content=\"2 minutes\" \/>\n<script type=\"application\/ld+json\" class=\"yoast-schema-graph\">{\"@context\":\"https:\\\/\\\/schema.org\",\"@graph\":[{\"@type\":\"WebPage\",\"@id\":\"https:\\\/\\\/previews.elleven.digital\\\/acocearense\\\/noticia\\\/time-de-society-de-colaboradores-da-aco-cearense-comercial-avanca-em-competicao\\\/\",\"url\":\"https:\\\/\\\/previews.elleven.digital\\\/acocearense\\\/noticia\\\/time-de-society-de-colaboradores-da-aco-cearense-comercial-avanca-em-competicao\\\/\",\"name\":\"Time de society de colaboradores da A\u00e7o Cearense Comercial avan\u00e7a em competi\u00e7\u00e3o - Grupo A\u00e7o Cearense\",\"isPartOf\":{\"@id\":\"https:\\\/\\\/previews.elleven.digital\\\/acocearense\\\/#website\"},\"primaryImageOfPage\":{\"@id\":\"https:\\\/\\\/previews.elleven.digital\\\/acocearense\\\/noticia\\\/time-de-society-de-colaboradores-da-aco-cearense-comercial-avanca-em-competicao\\\/#primaryimage\"},\"image\":{\"@id\":\"https:\\\/\\\/previews.elleven.digital\\\/acocearense\\\/noticia\\\/time-de-society-de-colaboradores-da-aco-cearense-comercial-avanca-em-competicao\\\/#primaryimage\"},\"thumbnailUrl\":\"https:\\\/\\\/www.grupoacocearense.com.br\\\/wp-content\\\/uploads\\\/2025\\\/05\\\/futsal.jpg\",\"datePublished\":\"2018-09-04T17:55:29+00:00\",\"dateModified\":\"2025-05-07T17:55:58+00:00\",\"breadcrumb\":{\"@id\":\"https:\\\/\\\/previews.elleven.digital\\\/acocearense\\\/noticia\\\/time-de-society-de-colaboradores-da-aco-cearense-comercial-avanca-em-competicao\\\/#breadcrumb\"},\"inLanguage\":\"en-US\",\"potentialAction\":[{\"@type\":\"ReadAction\",\"target\":[\"https:\\\/\\\/previews.elleven.digital\\\/acocearense\\\/noticia\\\/time-de-society-de-colaboradores-da-aco-cearense-comercial-avanca-em-competicao\\\/\"]}]},{\"@type\":\"ImageObject\",\"inLanguage\":\"en-US\",\"@id\":\"https:\\\/\\\/previews.elleven.digital\\\/acocearense\\\/noticia\\\/time-de-society-de-colaboradores-da-aco-cearense-comercial-avanca-em-competicao\\\/#primaryimage\",\"url\":\"https:\\\/\\\/www.grupoacocearense.com.br\\\/wp-content\\\/uploads\\\/2025\\\/05\\\/futsal.jpg\",\"contentUrl\":\"https:\\\/\\\/www.grupoacocearense.com.br\\\/wp-content\\\/uploads\\\/2025\\\/05\\\/futsal.jpg\",\"width\":699,\"height\":471},{\"@type\":\"BreadcrumbList\",\"@id\":\"https:\\\/\\\/previews.elleven.digital\\\/acocearense\\\/noticia\\\/time-de-society-de-colaboradores-da-aco-cearense-comercial-avanca-em-competicao\\\/#breadcrumb\",\"itemListElement\":[{\"@type\":\"ListItem\",\"position\":1,\"name\":\"In\u00edcio\",\"item\":\"https:\\\/\\\/www.grupoacocearense.com.br\\\/\"},{\"@type\":\"ListItem\",\"position\":2,\"name\":\"Not\u00edcias\",\"item\":\"https:\\\/\\\/previews.elleven.digital\\\/acocearense\\\/noticias\\\/\"},{\"@type\":\"ListItem\",\"position\":3,\"name\":\"Time de society de colaboradores da A\u00e7o Cearense Comercial avan\u00e7a em competi\u00e7\u00e3o\"}]},{\"@type\":\"WebSite\",\"@id\":\"https:\\\/\\\/previews.elleven.digital\\\/acocearense\\\/#website\",\"url\":\"https:\\\/\\\/previews.elleven.digital\\\/acocearense\\\/\",\"name\":\"A\u00e7o Cearense\",\"description\":\"H\u00e1 mais de 45 anos no mercado brasileiro do a\u00e7o.\",\"alternateName\":\"A\u00e7o Cearense\",\"potentialAction\":[{\"@type\":\"SearchAction\",\"target\":{\"@type\":\"EntryPoint\",\"urlTemplate\":\"https:\\\/\\\/previews.elleven.digital\\\/acocearense\\\/?s={search_term_string}\"},\"query-input\":{\"@type\":\"PropertyValueSpecification\",\"valueRequired\":true,\"valueName\":\"search_term_string\"}}],\"inLanguage\":\"en-US\"}]}<\/script>\n<!-- \/ Yoast SEO plugin. -->","yoast_head_json":{"title":"Time de society de colaboradores da A\u00e7o Cearense Comercial avan\u00e7a em competi\u00e7\u00e3o - Grupo A\u00e7o Cearense","robots":{"index":"index","follow":"follow","max-snippet":"max-snippet:-1","max-image-preview":"max-image-preview:large","max-video-preview":"max-video-preview:-1"},"canonical":"https:\/\/previews.elleven.digital\/acocearense\/noticia\/time-de-society-de-colaboradores-da-aco-cearense-comercial-avanca-em-competicao\/","og_locale":"en_US","og_type":"article","og_title":"Time de society de colaboradores da A\u00e7o Cearense Comercial avan\u00e7a em competi\u00e7\u00e3o - Grupo A\u00e7o Cearense","og_description":"O time de Futebol Society da A\u00e7o Cearense Comercial competiu no domingo (26) e empatou(...)","og_url":"https:\/\/previews.elleven.digital\/acocearense\/noticia\/time-de-society-de-colaboradores-da-aco-cearense-comercial-avanca-em-competicao\/","og_site_name":"Grupo A\u00e7o Cearense","article_modified_time":"2025-05-07T17:55:58+00:00","og_image":[{"width":699,"height":471,"url":"https:\/\/previews.elleven.digital\/acocearense\/wp-content\/uploads\/2025\/05\/futsal.jpg","type":"image\/jpeg"}],"twitter_card":"summary_large_image","twitter_misc":{"Est. reading time":"2 minutes"},"schema":{"@context":"https:\/\/schema.org","@graph":[{"@type":"WebPage","@id":"https:\/\/previews.elleven.digital\/acocearense\/noticia\/time-de-society-de-colaboradores-da-aco-cearense-comercial-avanca-em-competicao\/","url":"https:\/\/previews.elleven.digital\/acocearense\/noticia\/time-de-society-de-colaboradores-da-aco-cearense-comercial-avanca-em-competicao\/","name":"Time de society de colaboradores da A\u00e7o Cearense Comercial avan\u00e7a em competi\u00e7\u00e3o - Grupo A\u00e7o Cearense","isPartOf":{"@id":"https:\/\/previews.elleven.digital\/acocearense\/#website"},"primaryImageOfPage":{"@id":"https:\/\/previews.elleven.digital\/acocearense\/noticia\/time-de-society-de-colaboradores-da-aco-cearense-comercial-avanca-em-competicao\/#primaryimage"},"image":{"@id":"https:\/\/previews.elleven.digital\/acocearense\/noticia\/time-de-society-de-colaboradores-da-aco-cearense-comercial-avanca-em-competicao\/#primaryimage"},"thumbnailUrl":"https:\/\/www.grupoacocearense.com.br\/wp-content\/uploads\/2025\/05\/futsal.jpg","datePublished":"2018-09-04T17:55:29+00:00","dateModified":"2025-05-07T17:55:58+00:00","breadcrumb":{"@id":"https:\/\/previews.elleven.digital\/acocearense\/noticia\/time-de-society-de-colaboradores-da-aco-cearense-comercial-avanca-em-competicao\/#breadcrumb"},"inLanguage":"en-US","potentialAction":[{"@type":"ReadAction","target":["https:\/\/previews.elleven.digital\/acocearense\/noticia\/time-de-society-de-colaboradores-da-aco-cearense-comercial-avanca-em-competicao\/"]}]},{"@type":"ImageObject","inLanguage":"en-US","@id":"https:\/\/previews.elleven.digital\/acocearense\/noticia\/time-de-society-de-colaboradores-da-aco-cearense-comercial-avanca-em-competicao\/#primaryimage","url":"https:\/\/www.grupoacocearense.com.br\/wp-content\/uploads\/2025\/05\/futsal.jpg","contentUrl":"https:\/\/www.grupoacocearense.com.br\/wp-content\/uploads\/2025\/05\/futsal.jpg","width":699,"height":471},{"@type":"BreadcrumbList","@id":"https:\/\/previews.elleven.digital\/acocearense\/noticia\/time-de-society-de-colaboradores-da-aco-cearense-comercial-avanca-em-competicao\/#breadcrumb","itemListElement":[{"@type":"ListItem","position":1,"name":"In\u00edcio","item":"https:\/\/www.grupoacocearense.com.br\/"},{"@type":"ListItem","position":2,"name":"Not\u00edcias","item":"https:\/\/previews.elleven.digital\/acocearense\/noticias\/"},{"@type":"ListItem","position":3,"name":"Time de society de colaboradores da A\u00e7o Cearense Comercial avan\u00e7a em competi\u00e7\u00e3o"}]},{"@type":"WebSite","@id":"https:\/\/previews.elleven.digital\/acocearense\/#website","url":"https:\/\/previews.elleven.digital\/acocearense\/","name":"Cear\u00e1 Steel","description":"In the Brazilian steel market for over 45 years.","alternateName":"A\u00e7o Cearense","potentialAction":[{"@type":"SearchAction","target":{"@type":"EntryPoint","urlTemplate":"https:\/\/previews.elleven.digital\/acocearense\/?s={search_term_string}"},"query-input":{"@type":"PropertyValueSpecification","valueRequired":true,"valueName":"search_term_string"}}],"inLanguage":"en-US"}]}},"_links":{"self":[{"href":"https:\/\/www.grupoacocearense.com.br\/en\/wp-json\/wp\/v2\/noticia\/1789","targetHints":{"allow":["GET"]}}],"collection":[{"href":"https:\/\/www.grupoacocearense.com.br\/en\/wp-json\/wp\/v2\/noticia"}],"about":[{"href":"https:\/\/www.grupoacocearense.com.br\/en\/wp-json\/wp\/v2\/types\/noticia"}],"wp:featuredmedia":[{"embeddable":true,"href":"https:\/\/www.grupoacocearense.com.br\/en\/wp-json\/wp\/v2\/media\/1777"}],"wp:attachment":[{"href":"https:\/\/www.grupoacocearense.com.br\/en\/wp-json\/wp\/v2\/media?parent=1789"}],"wp:term":[{"taxonomy":"categoria-noticia","embeddable":true,"href":"https:\/\/www.grupoacocearense.com.br\/en\/wp-json\/wp\/v2\/categoria-noticia?post=1789"}],"curies":[{"name":"wp","href":"https:\/\/api.w.org\/{rel}","templated":true}]}}