{"id":1788,"date":"2018-09-04T14:54:53","date_gmt":"2018-09-04T17:54:53","guid":{"rendered":"https:\/\/www.grupoacocearense.com.br\/?post_type=noticia&#038;p=1788"},"modified":"2025-05-07T14:55:24","modified_gmt":"2025-05-07T17:55:24","slug":"familiares-de-colaboradores-visitam-a-empresa","status":"publish","type":"noticia","link":"https:\/\/www.grupoacocearense.com.br\/en\/noticia\/familiares-de-colaboradores-visitam-a-empresa\/","title":{"rendered":"Relatives of employees visit the company"},"content":{"rendered":"<p>A\u00e7o Cearense opens its doors every month for its employees&#039; families to experience the company up close. On August 23, 19 people had the opportunity to visit their family members&#039; workplaces.<br \/>\n<img loading=\"lazy\" decoding=\"async\" class=\"wp-image-3682 aligncenter\" src=\"https:\/\/grupoacocearense.com.br\/wp-content\/uploads\/2018\/09\/familiares.jpg\" sizes=\"auto, (max-width: 347px) 100vw, 347px\" srcset=\"https:\/\/www.grupoacocearense.com.br\/wp-content\/uploads\/2018\/09\/familiares.jpg 4009w, https:\/\/www.grupoacocearense.com.br\/wp-content\/uploads\/2018\/09\/familiares-300x176.jpg 300w, https:\/\/www.grupoacocearense.com.br\/wp-content\/uploads\/2018\/09\/familiares-768x450.jpg 768w, https:\/\/www.grupoacocearense.com.br\/wp-content\/uploads\/2018\/09\/familiares-1024x600.jpg 1024w\" alt=\"\" width=\"347\" height=\"203\" \/><\/p>\n<h3>\u201cWe were very well received, the team is to be congratulated for their organization and security.\u201d<\/h3>\n<p>Each visit provides a presentation on the company&#039;s production process and the employees&#039; work environment. Zulene Medeiros and her husband, Benedito Alves, parents of Arislene Medeiros, a Safety Technician at A\u00e7o Cearense Industrial Matriz, praised the warm welcome they received at A\u00e7o Cearense. &quot;We were very well received; the team is to be congratulated for their organization and safety. We really enjoyed the experience,&quot; they commented.<\/p>\n<h3>Enrollment<\/h3>\n<p>To enroll a family member in the project, employees should contact the Quality of Life and Benefits department at extensions 1649 (A\u00e7o Cearense Comercial) and 8454 (A\u00e7o Cearense Industrial). The next visit will be in September, and enrollment is open until the 14th.<\/p>","protected":false},"featured_media":1778,"template":"","meta":{"_acf_changed":false,"inline_featured_image":false},"categoria-noticia":[],"class_list":["post-1788","noticia","type-noticia","status-publish","has-post-thumbnail","hentry"],"acf":{"link":""},"yoast_head":"<!-- This site is optimized with the Yoast SEO plugin v27.4 - https:\/\/yoast.com\/product\/yoast-seo-wordpress\/ -->\n<title>Familiares de colaboradores visitam a empresa - Grupo A\u00e7o Cearense<\/title>\n<meta name=\"robots\" content=\"index, follow, max-snippet:-1, max-image-preview:large, max-video-preview:-1\" \/>\n<link rel=\"canonical\" href=\"https:\/\/previews.elleven.digital\/acocearense\/noticia\/familiares-de-colaboradores-visitam-a-empresa\/\" \/>\n<meta property=\"og:locale\" content=\"en_US\" \/>\n<meta property=\"og:type\" content=\"article\" \/>\n<meta property=\"og:title\" content=\"Familiares de colaboradores visitam a empresa - Grupo A\u00e7o Cearense\" \/>\n<meta property=\"og:description\" content=\"A A\u00e7o Cearense abre as suas portas todos os meses para as fam\u00edlias de seus(...)\" \/>\n<meta property=\"og:url\" content=\"https:\/\/previews.elleven.digital\/acocearense\/noticia\/familiares-de-colaboradores-visitam-a-empresa\/\" \/>\n<meta property=\"og:site_name\" content=\"Grupo A\u00e7o Cearense\" \/>\n<meta property=\"article:modified_time\" content=\"2025-05-07T17:55:24+00:00\" \/>\n<meta property=\"og:image\" content=\"https:\/\/previews.elleven.digital\/acocearense\/wp-content\/uploads\/2025\/05\/familiares2-scaled.jpg\" \/>\n\t<meta property=\"og:image:width\" content=\"2560\" \/>\n\t<meta property=\"og:image:height\" content=\"1028\" \/>\n\t<meta property=\"og:image:type\" content=\"image\/jpeg\" \/>\n<meta name=\"twitter:card\" content=\"summary_large_image\" \/>\n<meta name=\"twitter:label1\" content=\"Est. reading time\" \/>\n\t<meta name=\"twitter:data1\" content=\"2 minutes\" \/>\n<script type=\"application\/ld+json\" class=\"yoast-schema-graph\">{\"@context\":\"https:\\\/\\\/schema.org\",\"@graph\":[{\"@type\":\"WebPage\",\"@id\":\"https:\\\/\\\/previews.elleven.digital\\\/acocearense\\\/noticia\\\/familiares-de-colaboradores-visitam-a-empresa\\\/\",\"url\":\"https:\\\/\\\/previews.elleven.digital\\\/acocearense\\\/noticia\\\/familiares-de-colaboradores-visitam-a-empresa\\\/\",\"name\":\"Familiares de colaboradores visitam a empresa - Grupo A\u00e7o Cearense\",\"isPartOf\":{\"@id\":\"https:\\\/\\\/previews.elleven.digital\\\/acocearense\\\/#website\"},\"primaryImageOfPage\":{\"@id\":\"https:\\\/\\\/previews.elleven.digital\\\/acocearense\\\/noticia\\\/familiares-de-colaboradores-visitam-a-empresa\\\/#primaryimage\"},\"image\":{\"@id\":\"https:\\\/\\\/previews.elleven.digital\\\/acocearense\\\/noticia\\\/familiares-de-colaboradores-visitam-a-empresa\\\/#primaryimage\"},\"thumbnailUrl\":\"https:\\\/\\\/www.grupoacocearense.com.br\\\/wp-content\\\/uploads\\\/2025\\\/05\\\/familiares2-scaled.jpg\",\"datePublished\":\"2018-09-04T17:54:53+00:00\",\"dateModified\":\"2025-05-07T17:55:24+00:00\",\"breadcrumb\":{\"@id\":\"https:\\\/\\\/previews.elleven.digital\\\/acocearense\\\/noticia\\\/familiares-de-colaboradores-visitam-a-empresa\\\/#breadcrumb\"},\"inLanguage\":\"en-US\",\"potentialAction\":[{\"@type\":\"ReadAction\",\"target\":[\"https:\\\/\\\/previews.elleven.digital\\\/acocearense\\\/noticia\\\/familiares-de-colaboradores-visitam-a-empresa\\\/\"]}]},{\"@type\":\"ImageObject\",\"inLanguage\":\"en-US\",\"@id\":\"https:\\\/\\\/previews.elleven.digital\\\/acocearense\\\/noticia\\\/familiares-de-colaboradores-visitam-a-empresa\\\/#primaryimage\",\"url\":\"https:\\\/\\\/www.grupoacocearense.com.br\\\/wp-content\\\/uploads\\\/2025\\\/05\\\/familiares2-scaled.jpg\",\"contentUrl\":\"https:\\\/\\\/www.grupoacocearense.com.br\\\/wp-content\\\/uploads\\\/2025\\\/05\\\/familiares2-scaled.jpg\",\"width\":2560,\"height\":1028},{\"@type\":\"BreadcrumbList\",\"@id\":\"https:\\\/\\\/previews.elleven.digital\\\/acocearense\\\/noticia\\\/familiares-de-colaboradores-visitam-a-empresa\\\/#breadcrumb\",\"itemListElement\":[{\"@type\":\"ListItem\",\"position\":1,\"name\":\"In\u00edcio\",\"item\":\"https:\\\/\\\/www.grupoacocearense.com.br\\\/\"},{\"@type\":\"ListItem\",\"position\":2,\"name\":\"Not\u00edcias\",\"item\":\"https:\\\/\\\/previews.elleven.digital\\\/acocearense\\\/noticias\\\/\"},{\"@type\":\"ListItem\",\"position\":3,\"name\":\"Familiares de colaboradores visitam a empresa\"}]},{\"@type\":\"WebSite\",\"@id\":\"https:\\\/\\\/previews.elleven.digital\\\/acocearense\\\/#website\",\"url\":\"https:\\\/\\\/previews.elleven.digital\\\/acocearense\\\/\",\"name\":\"A\u00e7o Cearense\",\"description\":\"H\u00e1 mais de 45 anos no mercado brasileiro do a\u00e7o.\",\"alternateName\":\"A\u00e7o Cearense\",\"potentialAction\":[{\"@type\":\"SearchAction\",\"target\":{\"@type\":\"EntryPoint\",\"urlTemplate\":\"https:\\\/\\\/previews.elleven.digital\\\/acocearense\\\/?s={search_term_string}\"},\"query-input\":{\"@type\":\"PropertyValueSpecification\",\"valueRequired\":true,\"valueName\":\"search_term_string\"}}],\"inLanguage\":\"en-US\"}]}<\/script>\n<!-- \/ Yoast SEO plugin. -->","yoast_head_json":{"title":"Familiares de colaboradores visitam a empresa - Grupo A\u00e7o Cearense","robots":{"index":"index","follow":"follow","max-snippet":"max-snippet:-1","max-image-preview":"max-image-preview:large","max-video-preview":"max-video-preview:-1"},"canonical":"https:\/\/previews.elleven.digital\/acocearense\/noticia\/familiares-de-colaboradores-visitam-a-empresa\/","og_locale":"en_US","og_type":"article","og_title":"Familiares de colaboradores visitam a empresa - Grupo A\u00e7o Cearense","og_description":"A A\u00e7o Cearense abre as suas portas todos os meses para as fam\u00edlias de seus(...)","og_url":"https:\/\/previews.elleven.digital\/acocearense\/noticia\/familiares-de-colaboradores-visitam-a-empresa\/","og_site_name":"Grupo A\u00e7o Cearense","article_modified_time":"2025-05-07T17:55:24+00:00","og_image":[{"width":2560,"height":1028,"url":"https:\/\/previews.elleven.digital\/acocearense\/wp-content\/uploads\/2025\/05\/familiares2-scaled.jpg","type":"image\/jpeg"}],"twitter_card":"summary_large_image","twitter_misc":{"Est. reading time":"2 minutes"},"schema":{"@context":"https:\/\/schema.org","@graph":[{"@type":"WebPage","@id":"https:\/\/previews.elleven.digital\/acocearense\/noticia\/familiares-de-colaboradores-visitam-a-empresa\/","url":"https:\/\/previews.elleven.digital\/acocearense\/noticia\/familiares-de-colaboradores-visitam-a-empresa\/","name":"Familiares de colaboradores visitam a empresa - Grupo A\u00e7o Cearense","isPartOf":{"@id":"https:\/\/previews.elleven.digital\/acocearense\/#website"},"primaryImageOfPage":{"@id":"https:\/\/previews.elleven.digital\/acocearense\/noticia\/familiares-de-colaboradores-visitam-a-empresa\/#primaryimage"},"image":{"@id":"https:\/\/previews.elleven.digital\/acocearense\/noticia\/familiares-de-colaboradores-visitam-a-empresa\/#primaryimage"},"thumbnailUrl":"https:\/\/www.grupoacocearense.com.br\/wp-content\/uploads\/2025\/05\/familiares2-scaled.jpg","datePublished":"2018-09-04T17:54:53+00:00","dateModified":"2025-05-07T17:55:24+00:00","breadcrumb":{"@id":"https:\/\/previews.elleven.digital\/acocearense\/noticia\/familiares-de-colaboradores-visitam-a-empresa\/#breadcrumb"},"inLanguage":"en-US","potentialAction":[{"@type":"ReadAction","target":["https:\/\/previews.elleven.digital\/acocearense\/noticia\/familiares-de-colaboradores-visitam-a-empresa\/"]}]},{"@type":"ImageObject","inLanguage":"en-US","@id":"https:\/\/previews.elleven.digital\/acocearense\/noticia\/familiares-de-colaboradores-visitam-a-empresa\/#primaryimage","url":"https:\/\/www.grupoacocearense.com.br\/wp-content\/uploads\/2025\/05\/familiares2-scaled.jpg","contentUrl":"https:\/\/www.grupoacocearense.com.br\/wp-content\/uploads\/2025\/05\/familiares2-scaled.jpg","width":2560,"height":1028},{"@type":"BreadcrumbList","@id":"https:\/\/previews.elleven.digital\/acocearense\/noticia\/familiares-de-colaboradores-visitam-a-empresa\/#breadcrumb","itemListElement":[{"@type":"ListItem","position":1,"name":"In\u00edcio","item":"https:\/\/www.grupoacocearense.com.br\/"},{"@type":"ListItem","position":2,"name":"Not\u00edcias","item":"https:\/\/previews.elleven.digital\/acocearense\/noticias\/"},{"@type":"ListItem","position":3,"name":"Familiares de colaboradores visitam a empresa"}]},{"@type":"WebSite","@id":"https:\/\/previews.elleven.digital\/acocearense\/#website","url":"https:\/\/previews.elleven.digital\/acocearense\/","name":"Cear\u00e1 Steel","description":"In the Brazilian steel market for over 45 years.","alternateName":"A\u00e7o Cearense","potentialAction":[{"@type":"SearchAction","target":{"@type":"EntryPoint","urlTemplate":"https:\/\/previews.elleven.digital\/acocearense\/?s={search_term_string}"},"query-input":{"@type":"PropertyValueSpecification","valueRequired":true,"valueName":"search_term_string"}}],"inLanguage":"en-US"}]}},"_links":{"self":[{"href":"https:\/\/www.grupoacocearense.com.br\/en\/wp-json\/wp\/v2\/noticia\/1788","targetHints":{"allow":["GET"]}}],"collection":[{"href":"https:\/\/www.grupoacocearense.com.br\/en\/wp-json\/wp\/v2\/noticia"}],"about":[{"href":"https:\/\/www.grupoacocearense.com.br\/en\/wp-json\/wp\/v2\/types\/noticia"}],"wp:featuredmedia":[{"embeddable":true,"href":"https:\/\/www.grupoacocearense.com.br\/en\/wp-json\/wp\/v2\/media\/1778"}],"wp:attachment":[{"href":"https:\/\/www.grupoacocearense.com.br\/en\/wp-json\/wp\/v2\/media?parent=1788"}],"wp:term":[{"taxonomy":"categoria-noticia","embeddable":true,"href":"https:\/\/www.grupoacocearense.com.br\/en\/wp-json\/wp\/v2\/categoria-noticia?post=1788"}],"curies":[{"name":"wp","href":"https:\/\/api.w.org\/{rel}","templated":true}]}}