{"id":1787,"date":"2018-09-04T14:54:29","date_gmt":"2018-09-04T17:54:29","guid":{"rendered":"https:\/\/www.grupoacocearense.com.br\/?post_type=noticia&#038;p=1787"},"modified":"2025-05-07T14:54:49","modified_gmt":"2025-05-07T17:54:49","slug":"gilberto-silva-fica-na-4a-colocacao-no-circuito-panamericano-de-paraciclismo","status":"publish","type":"noticia","link":"https:\/\/www.grupoacocearense.com.br\/en\/noticia\/gilberto-silva-fica-na-4a-colocacao-no-circuito-panamericano-de-paraciclismo\/","title":{"rendered":"Gilberto Silva takes 4th place in the Pan-American Para-Cycling Circuit"},"content":{"rendered":"<p>Gilberto Silva, a cyclist from Cear\u00e1 and a collaborator at A\u00e7o Cearense Comercial, represented Cear\u00e1 in the Brazilian stage of the Pan-American Road Paracycling Circuit, finishing fourth. The event took place on August 24th and 26th in S\u00e3o Caetano do Sul, S\u00e3o Paulo state.<\/p>\n<h2>Achievements<\/h2>\n<p>Gilberto has been sponsored by the Instituto A\u00e7o Cearense for eight years and has reached over 300 podium finishes. He is the current champion in his category in the 2017 Brazilian rankings. With his placement at the Pan American Games, he is already among the top four in this year&#039;s national rankings.<br \/>\nFor Gilberto, it was truly thrilling to participate in a race like this. &quot;In the first race, I was 11 seconds away from the medal, and at that moment, a movie of our lives plays in our heads. Unfortunately, I suffered a lot from the cold in the endurance race, but I fought until the end,&quot; explained the paracyclist, who reports being happy with the final result.<\/p>","protected":false},"featured_media":1779,"template":"","meta":{"_acf_changed":false,"inline_featured_image":false},"categoria-noticia":[],"class_list":["post-1787","noticia","type-noticia","status-publish","has-post-thumbnail","hentry"],"acf":{"link":""},"yoast_head":"<!-- This site is optimized with the Yoast SEO plugin v27.4 - https:\/\/yoast.com\/product\/yoast-seo-wordpress\/ -->\n<title>Gilberto Silva fica na 4\u00aa coloca\u00e7\u00e3o no Circuito Panamericano de Paraciclismo - Grupo A\u00e7o Cearense<\/title>\n<meta name=\"robots\" content=\"index, follow, max-snippet:-1, max-image-preview:large, max-video-preview:-1\" \/>\n<link rel=\"canonical\" href=\"https:\/\/previews.elleven.digital\/acocearense\/noticia\/gilberto-silva-fica-na-4a-colocacao-no-circuito-panamericano-de-paraciclismo\/\" \/>\n<meta property=\"og:locale\" content=\"en_US\" \/>\n<meta property=\"og:type\" content=\"article\" \/>\n<meta property=\"og:title\" content=\"Gilberto Silva fica na 4\u00aa coloca\u00e7\u00e3o no Circuito Panamericano de Paraciclismo - Grupo A\u00e7o Cearense\" \/>\n<meta property=\"og:description\" content=\"O ciclista cearense e colaborador da A\u00e7o Cearense Comercial, Gilberto Silva, representou o Cear\u00e1 na(...)\" \/>\n<meta property=\"og:url\" content=\"https:\/\/previews.elleven.digital\/acocearense\/noticia\/gilberto-silva-fica-na-4a-colocacao-no-circuito-panamericano-de-paraciclismo\/\" \/>\n<meta property=\"og:site_name\" content=\"Grupo A\u00e7o Cearense\" \/>\n<meta property=\"article:modified_time\" content=\"2025-05-07T17:54:49+00:00\" \/>\n<meta property=\"og:image\" content=\"https:\/\/previews.elleven.digital\/acocearense\/wp-content\/uploads\/2025\/05\/gilberto-silva.jpg\" \/>\n\t<meta property=\"og:image:width\" content=\"800\" \/>\n\t<meta property=\"og:image:height\" content=\"459\" \/>\n\t<meta property=\"og:image:type\" content=\"image\/jpeg\" \/>\n<meta name=\"twitter:card\" content=\"summary_large_image\" \/>\n<meta name=\"twitter:label1\" content=\"Est. reading time\" \/>\n\t<meta name=\"twitter:data1\" content=\"2 minutes\" \/>\n<script type=\"application\/ld+json\" class=\"yoast-schema-graph\">{\"@context\":\"https:\\\/\\\/schema.org\",\"@graph\":[{\"@type\":\"WebPage\",\"@id\":\"https:\\\/\\\/previews.elleven.digital\\\/acocearense\\\/noticia\\\/gilberto-silva-fica-na-4a-colocacao-no-circuito-panamericano-de-paraciclismo\\\/\",\"url\":\"https:\\\/\\\/previews.elleven.digital\\\/acocearense\\\/noticia\\\/gilberto-silva-fica-na-4a-colocacao-no-circuito-panamericano-de-paraciclismo\\\/\",\"name\":\"Gilberto Silva fica na 4\u00aa coloca\u00e7\u00e3o no Circuito Panamericano de Paraciclismo - Grupo A\u00e7o Cearense\",\"isPartOf\":{\"@id\":\"https:\\\/\\\/previews.elleven.digital\\\/acocearense\\\/#website\"},\"primaryImageOfPage\":{\"@id\":\"https:\\\/\\\/previews.elleven.digital\\\/acocearense\\\/noticia\\\/gilberto-silva-fica-na-4a-colocacao-no-circuito-panamericano-de-paraciclismo\\\/#primaryimage\"},\"image\":{\"@id\":\"https:\\\/\\\/previews.elleven.digital\\\/acocearense\\\/noticia\\\/gilberto-silva-fica-na-4a-colocacao-no-circuito-panamericano-de-paraciclismo\\\/#primaryimage\"},\"thumbnailUrl\":\"https:\\\/\\\/www.grupoacocearense.com.br\\\/wp-content\\\/uploads\\\/2025\\\/05\\\/gilberto-silva.jpg\",\"datePublished\":\"2018-09-04T17:54:29+00:00\",\"dateModified\":\"2025-05-07T17:54:49+00:00\",\"breadcrumb\":{\"@id\":\"https:\\\/\\\/previews.elleven.digital\\\/acocearense\\\/noticia\\\/gilberto-silva-fica-na-4a-colocacao-no-circuito-panamericano-de-paraciclismo\\\/#breadcrumb\"},\"inLanguage\":\"en-US\",\"potentialAction\":[{\"@type\":\"ReadAction\",\"target\":[\"https:\\\/\\\/previews.elleven.digital\\\/acocearense\\\/noticia\\\/gilberto-silva-fica-na-4a-colocacao-no-circuito-panamericano-de-paraciclismo\\\/\"]}]},{\"@type\":\"ImageObject\",\"inLanguage\":\"en-US\",\"@id\":\"https:\\\/\\\/previews.elleven.digital\\\/acocearense\\\/noticia\\\/gilberto-silva-fica-na-4a-colocacao-no-circuito-panamericano-de-paraciclismo\\\/#primaryimage\",\"url\":\"https:\\\/\\\/www.grupoacocearense.com.br\\\/wp-content\\\/uploads\\\/2025\\\/05\\\/gilberto-silva.jpg\",\"contentUrl\":\"https:\\\/\\\/www.grupoacocearense.com.br\\\/wp-content\\\/uploads\\\/2025\\\/05\\\/gilberto-silva.jpg\",\"width\":800,\"height\":459},{\"@type\":\"BreadcrumbList\",\"@id\":\"https:\\\/\\\/previews.elleven.digital\\\/acocearense\\\/noticia\\\/gilberto-silva-fica-na-4a-colocacao-no-circuito-panamericano-de-paraciclismo\\\/#breadcrumb\",\"itemListElement\":[{\"@type\":\"ListItem\",\"position\":1,\"name\":\"In\u00edcio\",\"item\":\"https:\\\/\\\/www.grupoacocearense.com.br\\\/\"},{\"@type\":\"ListItem\",\"position\":2,\"name\":\"Not\u00edcias\",\"item\":\"https:\\\/\\\/previews.elleven.digital\\\/acocearense\\\/noticias\\\/\"},{\"@type\":\"ListItem\",\"position\":3,\"name\":\"Gilberto Silva fica na 4\u00aa coloca\u00e7\u00e3o no Circuito Panamericano de Paraciclismo\"}]},{\"@type\":\"WebSite\",\"@id\":\"https:\\\/\\\/previews.elleven.digital\\\/acocearense\\\/#website\",\"url\":\"https:\\\/\\\/previews.elleven.digital\\\/acocearense\\\/\",\"name\":\"A\u00e7o Cearense\",\"description\":\"H\u00e1 mais de 45 anos no mercado brasileiro do a\u00e7o.\",\"alternateName\":\"A\u00e7o Cearense\",\"potentialAction\":[{\"@type\":\"SearchAction\",\"target\":{\"@type\":\"EntryPoint\",\"urlTemplate\":\"https:\\\/\\\/previews.elleven.digital\\\/acocearense\\\/?s={search_term_string}\"},\"query-input\":{\"@type\":\"PropertyValueSpecification\",\"valueRequired\":true,\"valueName\":\"search_term_string\"}}],\"inLanguage\":\"en-US\"}]}<\/script>\n<!-- \/ Yoast SEO plugin. -->","yoast_head_json":{"title":"Gilberto Silva fica na 4\u00aa coloca\u00e7\u00e3o no Circuito Panamericano de Paraciclismo - Grupo A\u00e7o Cearense","robots":{"index":"index","follow":"follow","max-snippet":"max-snippet:-1","max-image-preview":"max-image-preview:large","max-video-preview":"max-video-preview:-1"},"canonical":"https:\/\/previews.elleven.digital\/acocearense\/noticia\/gilberto-silva-fica-na-4a-colocacao-no-circuito-panamericano-de-paraciclismo\/","og_locale":"en_US","og_type":"article","og_title":"Gilberto Silva fica na 4\u00aa coloca\u00e7\u00e3o no Circuito Panamericano de Paraciclismo - Grupo A\u00e7o Cearense","og_description":"O ciclista cearense e colaborador da A\u00e7o Cearense Comercial, Gilberto Silva, representou o Cear\u00e1 na(...)","og_url":"https:\/\/previews.elleven.digital\/acocearense\/noticia\/gilberto-silva-fica-na-4a-colocacao-no-circuito-panamericano-de-paraciclismo\/","og_site_name":"Grupo A\u00e7o Cearense","article_modified_time":"2025-05-07T17:54:49+00:00","og_image":[{"width":800,"height":459,"url":"https:\/\/previews.elleven.digital\/acocearense\/wp-content\/uploads\/2025\/05\/gilberto-silva.jpg","type":"image\/jpeg"}],"twitter_card":"summary_large_image","twitter_misc":{"Est. reading time":"2 minutes"},"schema":{"@context":"https:\/\/schema.org","@graph":[{"@type":"WebPage","@id":"https:\/\/previews.elleven.digital\/acocearense\/noticia\/gilberto-silva-fica-na-4a-colocacao-no-circuito-panamericano-de-paraciclismo\/","url":"https:\/\/previews.elleven.digital\/acocearense\/noticia\/gilberto-silva-fica-na-4a-colocacao-no-circuito-panamericano-de-paraciclismo\/","name":"Gilberto Silva fica na 4\u00aa coloca\u00e7\u00e3o no Circuito Panamericano de Paraciclismo - Grupo A\u00e7o Cearense","isPartOf":{"@id":"https:\/\/previews.elleven.digital\/acocearense\/#website"},"primaryImageOfPage":{"@id":"https:\/\/previews.elleven.digital\/acocearense\/noticia\/gilberto-silva-fica-na-4a-colocacao-no-circuito-panamericano-de-paraciclismo\/#primaryimage"},"image":{"@id":"https:\/\/previews.elleven.digital\/acocearense\/noticia\/gilberto-silva-fica-na-4a-colocacao-no-circuito-panamericano-de-paraciclismo\/#primaryimage"},"thumbnailUrl":"https:\/\/www.grupoacocearense.com.br\/wp-content\/uploads\/2025\/05\/gilberto-silva.jpg","datePublished":"2018-09-04T17:54:29+00:00","dateModified":"2025-05-07T17:54:49+00:00","breadcrumb":{"@id":"https:\/\/previews.elleven.digital\/acocearense\/noticia\/gilberto-silva-fica-na-4a-colocacao-no-circuito-panamericano-de-paraciclismo\/#breadcrumb"},"inLanguage":"en-US","potentialAction":[{"@type":"ReadAction","target":["https:\/\/previews.elleven.digital\/acocearense\/noticia\/gilberto-silva-fica-na-4a-colocacao-no-circuito-panamericano-de-paraciclismo\/"]}]},{"@type":"ImageObject","inLanguage":"en-US","@id":"https:\/\/previews.elleven.digital\/acocearense\/noticia\/gilberto-silva-fica-na-4a-colocacao-no-circuito-panamericano-de-paraciclismo\/#primaryimage","url":"https:\/\/www.grupoacocearense.com.br\/wp-content\/uploads\/2025\/05\/gilberto-silva.jpg","contentUrl":"https:\/\/www.grupoacocearense.com.br\/wp-content\/uploads\/2025\/05\/gilberto-silva.jpg","width":800,"height":459},{"@type":"BreadcrumbList","@id":"https:\/\/previews.elleven.digital\/acocearense\/noticia\/gilberto-silva-fica-na-4a-colocacao-no-circuito-panamericano-de-paraciclismo\/#breadcrumb","itemListElement":[{"@type":"ListItem","position":1,"name":"In\u00edcio","item":"https:\/\/www.grupoacocearense.com.br\/"},{"@type":"ListItem","position":2,"name":"Not\u00edcias","item":"https:\/\/previews.elleven.digital\/acocearense\/noticias\/"},{"@type":"ListItem","position":3,"name":"Gilberto Silva fica na 4\u00aa coloca\u00e7\u00e3o no Circuito Panamericano de Paraciclismo"}]},{"@type":"WebSite","@id":"https:\/\/previews.elleven.digital\/acocearense\/#website","url":"https:\/\/previews.elleven.digital\/acocearense\/","name":"Cear\u00e1 Steel","description":"In the Brazilian steel market for over 45 years.","alternateName":"A\u00e7o Cearense","potentialAction":[{"@type":"SearchAction","target":{"@type":"EntryPoint","urlTemplate":"https:\/\/previews.elleven.digital\/acocearense\/?s={search_term_string}"},"query-input":{"@type":"PropertyValueSpecification","valueRequired":true,"valueName":"search_term_string"}}],"inLanguage":"en-US"}]}},"_links":{"self":[{"href":"https:\/\/www.grupoacocearense.com.br\/en\/wp-json\/wp\/v2\/noticia\/1787","targetHints":{"allow":["GET"]}}],"collection":[{"href":"https:\/\/www.grupoacocearense.com.br\/en\/wp-json\/wp\/v2\/noticia"}],"about":[{"href":"https:\/\/www.grupoacocearense.com.br\/en\/wp-json\/wp\/v2\/types\/noticia"}],"wp:featuredmedia":[{"embeddable":true,"href":"https:\/\/www.grupoacocearense.com.br\/en\/wp-json\/wp\/v2\/media\/1779"}],"wp:attachment":[{"href":"https:\/\/www.grupoacocearense.com.br\/en\/wp-json\/wp\/v2\/media?parent=1787"}],"wp:term":[{"taxonomy":"categoria-noticia","embeddable":true,"href":"https:\/\/www.grupoacocearense.com.br\/en\/wp-json\/wp\/v2\/categoria-noticia?post=1787"}],"curies":[{"name":"wp","href":"https:\/\/api.w.org\/{rel}","templated":true}]}}