{"id":1771,"date":"2018-06-05T14:47:38","date_gmt":"2018-06-05T17:47:38","guid":{"rendered":"https:\/\/www.grupoacocearense.com.br\/?post_type=noticia&#038;p=1771"},"modified":"2025-05-07T14:48:37","modified_gmt":"2025-05-07T17:48:37","slug":"aco-cearense-realiza-capacitacoes-para-equipe-de-operacao-com-foco-em-manutencao-de-equipamentos","status":"publish","type":"noticia","link":"https:\/\/www.grupoacocearense.com.br\/en\/noticia\/aco-cearense-realiza-capacitacoes-para-equipe-de-operacao-com-foco-em-manutencao-de-equipamentos\/","title":{"rendered":"A\u00e7o Cearense provides training for operations teams focusing on equipment maintenance"},"content":{"rendered":"<p>More than 60 employees from the production and maintenance area of A\u00e7o Cearense have achieved certification in Autonomous Maintenance in a course promoted by the company. Last Monday (28), the company concluded the project that seeks\u00a0<strong>develop in its employees a sense of continuous improvement and increased reliability with a focus on the maintenance of their work equipment.<\/strong><\/p>\n<p><img loading=\"lazy\" decoding=\"async\" class=\"aligncenter wp-image-3013 size-full\" src=\"https:\/\/www.grupoacocearense.com.br\/wp-content\/uploads\/2018\/06\/A%C3%A7o-Cearense-Curso.jpg\" sizes=\"auto, (max-width: 3580px) 100vw, 3580px\" srcset=\"https:\/\/www.grupoacocearense.com.br\/wp-content\/uploads\/2018\/06\/A\u00e7o-Cearense-Curso.jpg 3580w, https:\/\/www.grupoacocearense.com.br\/wp-content\/uploads\/2018\/06\/A\u00e7o-Cearense-Curso-300x225.jpg 300w, https:\/\/www.grupoacocearense.com.br\/wp-content\/uploads\/2018\/06\/A\u00e7o-Cearense-Curso-768x576.jpg 768w, https:\/\/www.grupoacocearense.com.br\/wp-content\/uploads\/2018\/06\/A\u00e7o-Cearense-Curso-1024x768.jpg 1024w\" alt=\"Grupo a\u00e7o cearense ap\u00f3s curso\" width=\"3580\" height=\"2685\" \/><\/p>\n<h2>How the course worked<\/h2>\n<p>For two months, employees who have direct contact with machines participated in training. This training aimed to enable them to inspect, identify, and resolve minor faults and abnormalities in their work equipment. Maintaining the machine&#039;s optimal condition through the identification of minor problems, repair, and appropriate management requires a proactive approach to preventing these issues.<\/p>\n<p>Early detection of a failure effectively contributes to the safety of those operating the equipment. Gustavo da Silva, an operator in the Stainless Steel area, sees the project as an incentive for learning. &quot;This training and the &#039;freedom&#039; the company gives us translates into confidence in the work we do,&quot; says the operator, who has been with A\u00e7o Cearense for 13 years. &quot;It&#039;s in moments like these that we see how valuable our work is. After being part of the Autonomous Maintenance project, I opened my eyes to other possibilities,&quot; adds the employee.<\/p>","protected":false},"featured_media":1755,"template":"","meta":{"_acf_changed":false,"inline_featured_image":false},"categoria-noticia":[],"class_list":["post-1771","noticia","type-noticia","status-publish","has-post-thumbnail","hentry"],"acf":{"link":""},"yoast_head":"<!-- This site is optimized with the Yoast SEO plugin v27.4 - https:\/\/yoast.com\/product\/yoast-seo-wordpress\/ -->\n<title>A\u00e7o Cearense realiza capacita\u00e7\u00f5es para equipe de opera\u00e7\u00e3o com foco em manuten\u00e7\u00e3o de equipamentos - Grupo A\u00e7o Cearense<\/title>\n<meta name=\"robots\" content=\"index, follow, max-snippet:-1, max-image-preview:large, max-video-preview:-1\" \/>\n<link rel=\"canonical\" href=\"https:\/\/previews.elleven.digital\/acocearense\/noticia\/aco-cearense-realiza-capacitacoes-para-equipe-de-operacao-com-foco-em-manutencao-de-equipamentos\/\" \/>\n<meta property=\"og:locale\" content=\"en_US\" \/>\n<meta property=\"og:type\" content=\"article\" \/>\n<meta property=\"og:title\" content=\"A\u00e7o Cearense realiza capacita\u00e7\u00f5es para equipe de opera\u00e7\u00e3o com foco em manuten\u00e7\u00e3o de equipamentos - Grupo A\u00e7o Cearense\" \/>\n<meta property=\"og:description\" content=\"Mais de 60 colaboradores da \u00e1rea de produ\u00e7\u00e3o e manuten\u00e7\u00e3o da A\u00e7o Cearense conquistaram a(...)\" \/>\n<meta property=\"og:url\" content=\"https:\/\/previews.elleven.digital\/acocearense\/noticia\/aco-cearense-realiza-capacitacoes-para-equipe-de-operacao-com-foco-em-manutencao-de-equipamentos\/\" \/>\n<meta property=\"og:site_name\" content=\"Grupo A\u00e7o Cearense\" \/>\n<meta property=\"article:modified_time\" content=\"2025-05-07T17:48:37+00:00\" \/>\n<meta property=\"og:image\" content=\"https:\/\/previews.elleven.digital\/acocearense\/wp-content\/uploads\/2025\/05\/Aco-Cearense-Curso-scaled.jpg\" \/>\n\t<meta property=\"og:image:width\" content=\"2560\" \/>\n\t<meta property=\"og:image:height\" content=\"1920\" \/>\n\t<meta property=\"og:image:type\" content=\"image\/jpeg\" \/>\n<meta name=\"twitter:card\" content=\"summary_large_image\" \/>\n<meta name=\"twitter:label1\" content=\"Est. reading time\" \/>\n\t<meta name=\"twitter:data1\" content=\"2 minutes\" \/>\n<script type=\"application\/ld+json\" class=\"yoast-schema-graph\">{\"@context\":\"https:\\\/\\\/schema.org\",\"@graph\":[{\"@type\":\"WebPage\",\"@id\":\"https:\\\/\\\/previews.elleven.digital\\\/acocearense\\\/noticia\\\/aco-cearense-realiza-capacitacoes-para-equipe-de-operacao-com-foco-em-manutencao-de-equipamentos\\\/\",\"url\":\"https:\\\/\\\/previews.elleven.digital\\\/acocearense\\\/noticia\\\/aco-cearense-realiza-capacitacoes-para-equipe-de-operacao-com-foco-em-manutencao-de-equipamentos\\\/\",\"name\":\"A\u00e7o Cearense realiza capacita\u00e7\u00f5es para equipe de opera\u00e7\u00e3o com foco em manuten\u00e7\u00e3o de equipamentos - Grupo A\u00e7o Cearense\",\"isPartOf\":{\"@id\":\"https:\\\/\\\/previews.elleven.digital\\\/acocearense\\\/#website\"},\"primaryImageOfPage\":{\"@id\":\"https:\\\/\\\/previews.elleven.digital\\\/acocearense\\\/noticia\\\/aco-cearense-realiza-capacitacoes-para-equipe-de-operacao-com-foco-em-manutencao-de-equipamentos\\\/#primaryimage\"},\"image\":{\"@id\":\"https:\\\/\\\/previews.elleven.digital\\\/acocearense\\\/noticia\\\/aco-cearense-realiza-capacitacoes-para-equipe-de-operacao-com-foco-em-manutencao-de-equipamentos\\\/#primaryimage\"},\"thumbnailUrl\":\"https:\\\/\\\/www.grupoacocearense.com.br\\\/wp-content\\\/uploads\\\/2025\\\/05\\\/Aco-Cearense-Curso-scaled.jpg\",\"datePublished\":\"2018-06-05T17:47:38+00:00\",\"dateModified\":\"2025-05-07T17:48:37+00:00\",\"breadcrumb\":{\"@id\":\"https:\\\/\\\/previews.elleven.digital\\\/acocearense\\\/noticia\\\/aco-cearense-realiza-capacitacoes-para-equipe-de-operacao-com-foco-em-manutencao-de-equipamentos\\\/#breadcrumb\"},\"inLanguage\":\"en-US\",\"potentialAction\":[{\"@type\":\"ReadAction\",\"target\":[\"https:\\\/\\\/previews.elleven.digital\\\/acocearense\\\/noticia\\\/aco-cearense-realiza-capacitacoes-para-equipe-de-operacao-com-foco-em-manutencao-de-equipamentos\\\/\"]}]},{\"@type\":\"ImageObject\",\"inLanguage\":\"en-US\",\"@id\":\"https:\\\/\\\/previews.elleven.digital\\\/acocearense\\\/noticia\\\/aco-cearense-realiza-capacitacoes-para-equipe-de-operacao-com-foco-em-manutencao-de-equipamentos\\\/#primaryimage\",\"url\":\"https:\\\/\\\/www.grupoacocearense.com.br\\\/wp-content\\\/uploads\\\/2025\\\/05\\\/Aco-Cearense-Curso-scaled.jpg\",\"contentUrl\":\"https:\\\/\\\/www.grupoacocearense.com.br\\\/wp-content\\\/uploads\\\/2025\\\/05\\\/Aco-Cearense-Curso-scaled.jpg\",\"width\":2560,\"height\":1920},{\"@type\":\"BreadcrumbList\",\"@id\":\"https:\\\/\\\/previews.elleven.digital\\\/acocearense\\\/noticia\\\/aco-cearense-realiza-capacitacoes-para-equipe-de-operacao-com-foco-em-manutencao-de-equipamentos\\\/#breadcrumb\",\"itemListElement\":[{\"@type\":\"ListItem\",\"position\":1,\"name\":\"In\u00edcio\",\"item\":\"https:\\\/\\\/www.grupoacocearense.com.br\\\/\"},{\"@type\":\"ListItem\",\"position\":2,\"name\":\"Not\u00edcias\",\"item\":\"https:\\\/\\\/previews.elleven.digital\\\/acocearense\\\/noticias\\\/\"},{\"@type\":\"ListItem\",\"position\":3,\"name\":\"A\u00e7o Cearense realiza capacita\u00e7\u00f5es para equipe de opera\u00e7\u00e3o com foco em manuten\u00e7\u00e3o de equipamentos\"}]},{\"@type\":\"WebSite\",\"@id\":\"https:\\\/\\\/previews.elleven.digital\\\/acocearense\\\/#website\",\"url\":\"https:\\\/\\\/previews.elleven.digital\\\/acocearense\\\/\",\"name\":\"A\u00e7o Cearense\",\"description\":\"H\u00e1 mais de 45 anos no mercado brasileiro do a\u00e7o.\",\"alternateName\":\"A\u00e7o Cearense\",\"potentialAction\":[{\"@type\":\"SearchAction\",\"target\":{\"@type\":\"EntryPoint\",\"urlTemplate\":\"https:\\\/\\\/previews.elleven.digital\\\/acocearense\\\/?s={search_term_string}\"},\"query-input\":{\"@type\":\"PropertyValueSpecification\",\"valueRequired\":true,\"valueName\":\"search_term_string\"}}],\"inLanguage\":\"en-US\"}]}<\/script>\n<!-- \/ Yoast SEO plugin. -->","yoast_head_json":{"title":"A\u00e7o Cearense realiza capacita\u00e7\u00f5es para equipe de opera\u00e7\u00e3o com foco em manuten\u00e7\u00e3o de equipamentos - Grupo A\u00e7o Cearense","robots":{"index":"index","follow":"follow","max-snippet":"max-snippet:-1","max-image-preview":"max-image-preview:large","max-video-preview":"max-video-preview:-1"},"canonical":"https:\/\/previews.elleven.digital\/acocearense\/noticia\/aco-cearense-realiza-capacitacoes-para-equipe-de-operacao-com-foco-em-manutencao-de-equipamentos\/","og_locale":"en_US","og_type":"article","og_title":"A\u00e7o Cearense realiza capacita\u00e7\u00f5es para equipe de opera\u00e7\u00e3o com foco em manuten\u00e7\u00e3o de equipamentos - Grupo A\u00e7o Cearense","og_description":"Mais de 60 colaboradores da \u00e1rea de produ\u00e7\u00e3o e manuten\u00e7\u00e3o da A\u00e7o Cearense conquistaram a(...)","og_url":"https:\/\/previews.elleven.digital\/acocearense\/noticia\/aco-cearense-realiza-capacitacoes-para-equipe-de-operacao-com-foco-em-manutencao-de-equipamentos\/","og_site_name":"Grupo A\u00e7o Cearense","article_modified_time":"2025-05-07T17:48:37+00:00","og_image":[{"width":2560,"height":1920,"url":"https:\/\/previews.elleven.digital\/acocearense\/wp-content\/uploads\/2025\/05\/Aco-Cearense-Curso-scaled.jpg","type":"image\/jpeg"}],"twitter_card":"summary_large_image","twitter_misc":{"Est. reading time":"2 minutes"},"schema":{"@context":"https:\/\/schema.org","@graph":[{"@type":"WebPage","@id":"https:\/\/previews.elleven.digital\/acocearense\/noticia\/aco-cearense-realiza-capacitacoes-para-equipe-de-operacao-com-foco-em-manutencao-de-equipamentos\/","url":"https:\/\/previews.elleven.digital\/acocearense\/noticia\/aco-cearense-realiza-capacitacoes-para-equipe-de-operacao-com-foco-em-manutencao-de-equipamentos\/","name":"A\u00e7o Cearense realiza capacita\u00e7\u00f5es para equipe de opera\u00e7\u00e3o com foco em manuten\u00e7\u00e3o de equipamentos - Grupo A\u00e7o Cearense","isPartOf":{"@id":"https:\/\/previews.elleven.digital\/acocearense\/#website"},"primaryImageOfPage":{"@id":"https:\/\/previews.elleven.digital\/acocearense\/noticia\/aco-cearense-realiza-capacitacoes-para-equipe-de-operacao-com-foco-em-manutencao-de-equipamentos\/#primaryimage"},"image":{"@id":"https:\/\/previews.elleven.digital\/acocearense\/noticia\/aco-cearense-realiza-capacitacoes-para-equipe-de-operacao-com-foco-em-manutencao-de-equipamentos\/#primaryimage"},"thumbnailUrl":"https:\/\/www.grupoacocearense.com.br\/wp-content\/uploads\/2025\/05\/Aco-Cearense-Curso-scaled.jpg","datePublished":"2018-06-05T17:47:38+00:00","dateModified":"2025-05-07T17:48:37+00:00","breadcrumb":{"@id":"https:\/\/previews.elleven.digital\/acocearense\/noticia\/aco-cearense-realiza-capacitacoes-para-equipe-de-operacao-com-foco-em-manutencao-de-equipamentos\/#breadcrumb"},"inLanguage":"en-US","potentialAction":[{"@type":"ReadAction","target":["https:\/\/previews.elleven.digital\/acocearense\/noticia\/aco-cearense-realiza-capacitacoes-para-equipe-de-operacao-com-foco-em-manutencao-de-equipamentos\/"]}]},{"@type":"ImageObject","inLanguage":"en-US","@id":"https:\/\/previews.elleven.digital\/acocearense\/noticia\/aco-cearense-realiza-capacitacoes-para-equipe-de-operacao-com-foco-em-manutencao-de-equipamentos\/#primaryimage","url":"https:\/\/www.grupoacocearense.com.br\/wp-content\/uploads\/2025\/05\/Aco-Cearense-Curso-scaled.jpg","contentUrl":"https:\/\/www.grupoacocearense.com.br\/wp-content\/uploads\/2025\/05\/Aco-Cearense-Curso-scaled.jpg","width":2560,"height":1920},{"@type":"BreadcrumbList","@id":"https:\/\/previews.elleven.digital\/acocearense\/noticia\/aco-cearense-realiza-capacitacoes-para-equipe-de-operacao-com-foco-em-manutencao-de-equipamentos\/#breadcrumb","itemListElement":[{"@type":"ListItem","position":1,"name":"In\u00edcio","item":"https:\/\/www.grupoacocearense.com.br\/"},{"@type":"ListItem","position":2,"name":"Not\u00edcias","item":"https:\/\/previews.elleven.digital\/acocearense\/noticias\/"},{"@type":"ListItem","position":3,"name":"A\u00e7o Cearense realiza capacita\u00e7\u00f5es para equipe de opera\u00e7\u00e3o com foco em manuten\u00e7\u00e3o de equipamentos"}]},{"@type":"WebSite","@id":"https:\/\/previews.elleven.digital\/acocearense\/#website","url":"https:\/\/previews.elleven.digital\/acocearense\/","name":"Cear\u00e1 Steel","description":"In the Brazilian steel market for over 45 years.","alternateName":"A\u00e7o Cearense","potentialAction":[{"@type":"SearchAction","target":{"@type":"EntryPoint","urlTemplate":"https:\/\/previews.elleven.digital\/acocearense\/?s={search_term_string}"},"query-input":{"@type":"PropertyValueSpecification","valueRequired":true,"valueName":"search_term_string"}}],"inLanguage":"en-US"}]}},"_links":{"self":[{"href":"https:\/\/www.grupoacocearense.com.br\/en\/wp-json\/wp\/v2\/noticia\/1771","targetHints":{"allow":["GET"]}}],"collection":[{"href":"https:\/\/www.grupoacocearense.com.br\/en\/wp-json\/wp\/v2\/noticia"}],"about":[{"href":"https:\/\/www.grupoacocearense.com.br\/en\/wp-json\/wp\/v2\/types\/noticia"}],"wp:featuredmedia":[{"embeddable":true,"href":"https:\/\/www.grupoacocearense.com.br\/en\/wp-json\/wp\/v2\/media\/1755"}],"wp:attachment":[{"href":"https:\/\/www.grupoacocearense.com.br\/en\/wp-json\/wp\/v2\/media?parent=1771"}],"wp:term":[{"taxonomy":"categoria-noticia","embeddable":true,"href":"https:\/\/www.grupoacocearense.com.br\/en\/wp-json\/wp\/v2\/categoria-noticia?post=1771"}],"curies":[{"name":"wp","href":"https:\/\/api.w.org\/{rel}","templated":true}]}}