{"id":1769,"date":"2018-05-16T14:46:25","date_gmt":"2018-05-16T17:46:25","guid":{"rendered":"https:\/\/www.grupoacocearense.com.br\/?post_type=noticia&#038;p=1769"},"modified":"2025-05-07T14:46:47","modified_gmt":"2025-05-07T17:46:47","slug":"grupo-aco-cearense-realiza-evento-sobre-seguranca-no-transporte-de-cargas","status":"publish","type":"noticia","link":"https:\/\/www.grupoacocearense.com.br\/en\/noticia\/grupo-aco-cearense-realiza-evento-sobre-seguranca-no-transporte-de-cargas\/","title":{"rendered":"A\u00e7o Cearense Group holds event on cargo transportation safety"},"content":{"rendered":"<p>On the afternoon of last Friday (11), the A\u00e7o Cearense Group held the II Seminar on Safety in Cargo Transportation for logistics companies and students in the field. The action took place in the auditorium of the Federation of Industries of the State of Cear\u00e1 (FIEC).<\/p>\n<h3>Event schedule<\/h3>\n<p>With the objective of bringing together large companies in the market to exchange information on best practices, with a focus on safety in cargo transportation, the program included lectures by the director of supplies and logistics of Grupo A\u00e7o Cearense, Edgard Corr\u00eaa; the Logistics Manager of the Diageo Group, Marcos Minieri; the Corporals of the State Highway Police, Saulo Daniel and Afr\u00e2nio Silva; and the Tax Auditor of the Ministry of Labor and Employment, Franklin Rabelo.<\/p>\n<h3>\u00a0\u201cOpportunity to share our best practices with other companies.\u201d<\/h3>\n<p>According to Edgard Corr\u00eaa, the seminar was proposed by Grupo A\u00e7o Cearense to promote an exchange of experiences and contribute to other companies in the state. &quot;We saw an opportunity to share our best practices with other companies that also participate in this market segment, and to learn from them,&quot; he stated.<\/p>","protected":false},"featured_media":1757,"template":"","meta":{"_acf_changed":false,"inline_featured_image":false},"categoria-noticia":[],"class_list":["post-1769","noticia","type-noticia","status-publish","has-post-thumbnail","hentry"],"acf":{"link":""},"yoast_head":"<!-- This site is optimized with the Yoast SEO plugin v27.4 - https:\/\/yoast.com\/product\/yoast-seo-wordpress\/ -->\n<title>Grupo A\u00e7o Cearense realiza evento sobre seguran\u00e7a no transporte de cargas - Grupo A\u00e7o Cearense<\/title>\n<meta name=\"robots\" content=\"index, follow, max-snippet:-1, max-image-preview:large, max-video-preview:-1\" \/>\n<link rel=\"canonical\" href=\"https:\/\/previews.elleven.digital\/acocearense\/noticia\/grupo-aco-cearense-realiza-evento-sobre-seguranca-no-transporte-de-cargas\/\" \/>\n<meta property=\"og:locale\" content=\"en_US\" \/>\n<meta property=\"og:type\" content=\"article\" \/>\n<meta property=\"og:title\" content=\"Grupo A\u00e7o Cearense realiza evento sobre seguran\u00e7a no transporte de cargas - Grupo A\u00e7o Cearense\" \/>\n<meta property=\"og:description\" content=\"Na tarde da \u00faltima sexta-feira (11), o Grupo A\u00e7o Cearense realizou o II Semin\u00e1rio de(...)\" \/>\n<meta property=\"og:url\" content=\"https:\/\/previews.elleven.digital\/acocearense\/noticia\/grupo-aco-cearense-realiza-evento-sobre-seguranca-no-transporte-de-cargas\/\" \/>\n<meta property=\"og:site_name\" content=\"Grupo A\u00e7o Cearense\" \/>\n<meta property=\"article:modified_time\" content=\"2025-05-07T17:46:47+00:00\" \/>\n<meta property=\"og:image\" content=\"https:\/\/previews.elleven.digital\/acocearense\/wp-content\/uploads\/2025\/05\/DSC00911-2-1-scaled.jpg\" \/>\n\t<meta property=\"og:image:width\" content=\"2560\" \/>\n\t<meta property=\"og:image:height\" content=\"1920\" \/>\n\t<meta property=\"og:image:type\" content=\"image\/jpeg\" \/>\n<meta name=\"twitter:card\" content=\"summary_large_image\" \/>\n<meta name=\"twitter:label1\" content=\"Est. reading time\" \/>\n\t<meta name=\"twitter:data1\" content=\"2 minutes\" \/>\n<script type=\"application\/ld+json\" class=\"yoast-schema-graph\">{\"@context\":\"https:\\\/\\\/schema.org\",\"@graph\":[{\"@type\":\"WebPage\",\"@id\":\"https:\\\/\\\/previews.elleven.digital\\\/acocearense\\\/noticia\\\/grupo-aco-cearense-realiza-evento-sobre-seguranca-no-transporte-de-cargas\\\/\",\"url\":\"https:\\\/\\\/previews.elleven.digital\\\/acocearense\\\/noticia\\\/grupo-aco-cearense-realiza-evento-sobre-seguranca-no-transporte-de-cargas\\\/\",\"name\":\"Grupo A\u00e7o Cearense realiza evento sobre seguran\u00e7a no transporte de cargas - Grupo A\u00e7o Cearense\",\"isPartOf\":{\"@id\":\"https:\\\/\\\/previews.elleven.digital\\\/acocearense\\\/#website\"},\"primaryImageOfPage\":{\"@id\":\"https:\\\/\\\/previews.elleven.digital\\\/acocearense\\\/noticia\\\/grupo-aco-cearense-realiza-evento-sobre-seguranca-no-transporte-de-cargas\\\/#primaryimage\"},\"image\":{\"@id\":\"https:\\\/\\\/previews.elleven.digital\\\/acocearense\\\/noticia\\\/grupo-aco-cearense-realiza-evento-sobre-seguranca-no-transporte-de-cargas\\\/#primaryimage\"},\"thumbnailUrl\":\"https:\\\/\\\/www.grupoacocearense.com.br\\\/wp-content\\\/uploads\\\/2025\\\/05\\\/DSC00911-2-1-scaled.jpg\",\"datePublished\":\"2018-05-16T17:46:25+00:00\",\"dateModified\":\"2025-05-07T17:46:47+00:00\",\"breadcrumb\":{\"@id\":\"https:\\\/\\\/previews.elleven.digital\\\/acocearense\\\/noticia\\\/grupo-aco-cearense-realiza-evento-sobre-seguranca-no-transporte-de-cargas\\\/#breadcrumb\"},\"inLanguage\":\"en-US\",\"potentialAction\":[{\"@type\":\"ReadAction\",\"target\":[\"https:\\\/\\\/previews.elleven.digital\\\/acocearense\\\/noticia\\\/grupo-aco-cearense-realiza-evento-sobre-seguranca-no-transporte-de-cargas\\\/\"]}]},{\"@type\":\"ImageObject\",\"inLanguage\":\"en-US\",\"@id\":\"https:\\\/\\\/previews.elleven.digital\\\/acocearense\\\/noticia\\\/grupo-aco-cearense-realiza-evento-sobre-seguranca-no-transporte-de-cargas\\\/#primaryimage\",\"url\":\"https:\\\/\\\/www.grupoacocearense.com.br\\\/wp-content\\\/uploads\\\/2025\\\/05\\\/DSC00911-2-1-scaled.jpg\",\"contentUrl\":\"https:\\\/\\\/www.grupoacocearense.com.br\\\/wp-content\\\/uploads\\\/2025\\\/05\\\/DSC00911-2-1-scaled.jpg\",\"width\":2560,\"height\":1920},{\"@type\":\"BreadcrumbList\",\"@id\":\"https:\\\/\\\/previews.elleven.digital\\\/acocearense\\\/noticia\\\/grupo-aco-cearense-realiza-evento-sobre-seguranca-no-transporte-de-cargas\\\/#breadcrumb\",\"itemListElement\":[{\"@type\":\"ListItem\",\"position\":1,\"name\":\"In\u00edcio\",\"item\":\"https:\\\/\\\/www.grupoacocearense.com.br\\\/\"},{\"@type\":\"ListItem\",\"position\":2,\"name\":\"Not\u00edcias\",\"item\":\"https:\\\/\\\/previews.elleven.digital\\\/acocearense\\\/noticias\\\/\"},{\"@type\":\"ListItem\",\"position\":3,\"name\":\"Grupo A\u00e7o Cearense realiza evento sobre seguran\u00e7a no transporte de cargas\"}]},{\"@type\":\"WebSite\",\"@id\":\"https:\\\/\\\/previews.elleven.digital\\\/acocearense\\\/#website\",\"url\":\"https:\\\/\\\/previews.elleven.digital\\\/acocearense\\\/\",\"name\":\"A\u00e7o Cearense\",\"description\":\"H\u00e1 mais de 45 anos no mercado brasileiro do a\u00e7o.\",\"alternateName\":\"A\u00e7o Cearense\",\"potentialAction\":[{\"@type\":\"SearchAction\",\"target\":{\"@type\":\"EntryPoint\",\"urlTemplate\":\"https:\\\/\\\/previews.elleven.digital\\\/acocearense\\\/?s={search_term_string}\"},\"query-input\":{\"@type\":\"PropertyValueSpecification\",\"valueRequired\":true,\"valueName\":\"search_term_string\"}}],\"inLanguage\":\"en-US\"}]}<\/script>\n<!-- \/ Yoast SEO plugin. -->","yoast_head_json":{"title":"Grupo A\u00e7o Cearense realiza evento sobre seguran\u00e7a no transporte de cargas - Grupo A\u00e7o Cearense","robots":{"index":"index","follow":"follow","max-snippet":"max-snippet:-1","max-image-preview":"max-image-preview:large","max-video-preview":"max-video-preview:-1"},"canonical":"https:\/\/previews.elleven.digital\/acocearense\/noticia\/grupo-aco-cearense-realiza-evento-sobre-seguranca-no-transporte-de-cargas\/","og_locale":"en_US","og_type":"article","og_title":"Grupo A\u00e7o Cearense realiza evento sobre seguran\u00e7a no transporte de cargas - Grupo A\u00e7o Cearense","og_description":"Na tarde da \u00faltima sexta-feira (11), o Grupo A\u00e7o Cearense realizou o II Semin\u00e1rio de(...)","og_url":"https:\/\/previews.elleven.digital\/acocearense\/noticia\/grupo-aco-cearense-realiza-evento-sobre-seguranca-no-transporte-de-cargas\/","og_site_name":"Grupo A\u00e7o Cearense","article_modified_time":"2025-05-07T17:46:47+00:00","og_image":[{"width":2560,"height":1920,"url":"https:\/\/previews.elleven.digital\/acocearense\/wp-content\/uploads\/2025\/05\/DSC00911-2-1-scaled.jpg","type":"image\/jpeg"}],"twitter_card":"summary_large_image","twitter_misc":{"Est. reading time":"2 minutes"},"schema":{"@context":"https:\/\/schema.org","@graph":[{"@type":"WebPage","@id":"https:\/\/previews.elleven.digital\/acocearense\/noticia\/grupo-aco-cearense-realiza-evento-sobre-seguranca-no-transporte-de-cargas\/","url":"https:\/\/previews.elleven.digital\/acocearense\/noticia\/grupo-aco-cearense-realiza-evento-sobre-seguranca-no-transporte-de-cargas\/","name":"Grupo A\u00e7o Cearense realiza evento sobre seguran\u00e7a no transporte de cargas - Grupo A\u00e7o Cearense","isPartOf":{"@id":"https:\/\/previews.elleven.digital\/acocearense\/#website"},"primaryImageOfPage":{"@id":"https:\/\/previews.elleven.digital\/acocearense\/noticia\/grupo-aco-cearense-realiza-evento-sobre-seguranca-no-transporte-de-cargas\/#primaryimage"},"image":{"@id":"https:\/\/previews.elleven.digital\/acocearense\/noticia\/grupo-aco-cearense-realiza-evento-sobre-seguranca-no-transporte-de-cargas\/#primaryimage"},"thumbnailUrl":"https:\/\/www.grupoacocearense.com.br\/wp-content\/uploads\/2025\/05\/DSC00911-2-1-scaled.jpg","datePublished":"2018-05-16T17:46:25+00:00","dateModified":"2025-05-07T17:46:47+00:00","breadcrumb":{"@id":"https:\/\/previews.elleven.digital\/acocearense\/noticia\/grupo-aco-cearense-realiza-evento-sobre-seguranca-no-transporte-de-cargas\/#breadcrumb"},"inLanguage":"en-US","potentialAction":[{"@type":"ReadAction","target":["https:\/\/previews.elleven.digital\/acocearense\/noticia\/grupo-aco-cearense-realiza-evento-sobre-seguranca-no-transporte-de-cargas\/"]}]},{"@type":"ImageObject","inLanguage":"en-US","@id":"https:\/\/previews.elleven.digital\/acocearense\/noticia\/grupo-aco-cearense-realiza-evento-sobre-seguranca-no-transporte-de-cargas\/#primaryimage","url":"https:\/\/www.grupoacocearense.com.br\/wp-content\/uploads\/2025\/05\/DSC00911-2-1-scaled.jpg","contentUrl":"https:\/\/www.grupoacocearense.com.br\/wp-content\/uploads\/2025\/05\/DSC00911-2-1-scaled.jpg","width":2560,"height":1920},{"@type":"BreadcrumbList","@id":"https:\/\/previews.elleven.digital\/acocearense\/noticia\/grupo-aco-cearense-realiza-evento-sobre-seguranca-no-transporte-de-cargas\/#breadcrumb","itemListElement":[{"@type":"ListItem","position":1,"name":"In\u00edcio","item":"https:\/\/www.grupoacocearense.com.br\/"},{"@type":"ListItem","position":2,"name":"Not\u00edcias","item":"https:\/\/previews.elleven.digital\/acocearense\/noticias\/"},{"@type":"ListItem","position":3,"name":"Grupo A\u00e7o Cearense realiza evento sobre seguran\u00e7a no transporte de cargas"}]},{"@type":"WebSite","@id":"https:\/\/previews.elleven.digital\/acocearense\/#website","url":"https:\/\/previews.elleven.digital\/acocearense\/","name":"Cear\u00e1 Steel","description":"In the Brazilian steel market for over 45 years.","alternateName":"A\u00e7o Cearense","potentialAction":[{"@type":"SearchAction","target":{"@type":"EntryPoint","urlTemplate":"https:\/\/previews.elleven.digital\/acocearense\/?s={search_term_string}"},"query-input":{"@type":"PropertyValueSpecification","valueRequired":true,"valueName":"search_term_string"}}],"inLanguage":"en-US"}]}},"_links":{"self":[{"href":"https:\/\/www.grupoacocearense.com.br\/en\/wp-json\/wp\/v2\/noticia\/1769","targetHints":{"allow":["GET"]}}],"collection":[{"href":"https:\/\/www.grupoacocearense.com.br\/en\/wp-json\/wp\/v2\/noticia"}],"about":[{"href":"https:\/\/www.grupoacocearense.com.br\/en\/wp-json\/wp\/v2\/types\/noticia"}],"wp:featuredmedia":[{"embeddable":true,"href":"https:\/\/www.grupoacocearense.com.br\/en\/wp-json\/wp\/v2\/media\/1757"}],"wp:attachment":[{"href":"https:\/\/www.grupoacocearense.com.br\/en\/wp-json\/wp\/v2\/media?parent=1769"}],"wp:term":[{"taxonomy":"categoria-noticia","embeddable":true,"href":"https:\/\/www.grupoacocearense.com.br\/en\/wp-json\/wp\/v2\/categoria-noticia?post=1769"}],"curies":[{"name":"wp","href":"https:\/\/api.w.org\/{rel}","templated":true}]}}