{"id":1768,"date":"2018-05-15T14:45:50","date_gmt":"2018-05-15T17:45:50","guid":{"rendered":"https:\/\/www.grupoacocearense.com.br\/?post_type=noticia&#038;p=1768"},"modified":"2025-05-07T14:46:19","modified_gmt":"2025-05-07T17:46:19","slug":"papo-executivo-com-ian-correa","status":"publish","type":"noticia","link":"https:\/\/www.grupoacocearense.com.br\/en\/noticia\/papo-executivo-com-ian-correa\/","title":{"rendered":"Executive Chat with Ian Corr\u00eaa"},"content":{"rendered":"<p>On Friday (11), Ian Corr\u00eaa, Vice President of Operations at Grupo A\u00e7o Cearense, spoke about management in family businesses at Papo Executivo, which is promoted by the consulting firm Mar\u00edlia Fiuza Coaching, at the Holiday Inn Hotel.<\/p>\n<p>The meeting aimed to share experiences and discuss opinions with businesspeople, leaders, coaches, and professionals seeking excellence and continuous improvement in their performance.<\/p>\n<p>The Executive Chat focused on executive development to overcome the challenges and solutions of a family business. &quot;I&#039;m grateful for the opportunity to share my experiences and, above all, learn from successful professionals who are a true inspiration,&quot; said Ian Corr\u00eaa during the meeting.<\/p>","protected":false},"featured_media":1758,"template":"","meta":{"_acf_changed":false,"inline_featured_image":false},"categoria-noticia":[],"class_list":["post-1768","noticia","type-noticia","status-publish","has-post-thumbnail","hentry"],"acf":{"link":""},"yoast_head":"<!-- This site is optimized with the Yoast SEO plugin v27.4 - https:\/\/yoast.com\/product\/yoast-seo-wordpress\/ -->\n<title>Papo Executivo com Ian Corr\u00eaa - Grupo A\u00e7o Cearense<\/title>\n<meta name=\"robots\" content=\"index, follow, max-snippet:-1, max-image-preview:large, max-video-preview:-1\" \/>\n<link rel=\"canonical\" href=\"https:\/\/previews.elleven.digital\/acocearense\/noticia\/papo-executivo-com-ian-correa\/\" \/>\n<meta property=\"og:locale\" content=\"en_US\" \/>\n<meta property=\"og:type\" content=\"article\" \/>\n<meta property=\"og:title\" content=\"Papo Executivo com Ian Corr\u00eaa - Grupo A\u00e7o Cearense\" \/>\n<meta property=\"og:description\" content=\"Na sexta-feira (11), Ian Corr\u00eaa, Vice-Presidente de Opera\u00e7\u00f5es do Grupo A\u00e7o Cearense, falou sobre gest\u00e3o(...)\" \/>\n<meta property=\"og:url\" content=\"https:\/\/previews.elleven.digital\/acocearense\/noticia\/papo-executivo-com-ian-correa\/\" \/>\n<meta property=\"og:site_name\" content=\"Grupo A\u00e7o Cearense\" \/>\n<meta property=\"article:modified_time\" content=\"2025-05-07T17:46:19+00:00\" \/>\n<meta property=\"og:image\" content=\"https:\/\/previews.elleven.digital\/acocearense\/wp-content\/uploads\/2025\/05\/2018-05-15-PHOTO-00000082.jpg\" \/>\n\t<meta property=\"og:image:width\" content=\"1024\" \/>\n\t<meta property=\"og:image:height\" content=\"701\" \/>\n\t<meta property=\"og:image:type\" content=\"image\/jpeg\" \/>\n<meta name=\"twitter:card\" content=\"summary_large_image\" \/>\n<meta name=\"twitter:label1\" content=\"Est. reading time\" \/>\n\t<meta name=\"twitter:data1\" content=\"1 minute\" \/>\n<script type=\"application\/ld+json\" class=\"yoast-schema-graph\">{\"@context\":\"https:\\\/\\\/schema.org\",\"@graph\":[{\"@type\":\"WebPage\",\"@id\":\"https:\\\/\\\/previews.elleven.digital\\\/acocearense\\\/noticia\\\/papo-executivo-com-ian-correa\\\/\",\"url\":\"https:\\\/\\\/previews.elleven.digital\\\/acocearense\\\/noticia\\\/papo-executivo-com-ian-correa\\\/\",\"name\":\"Papo Executivo com Ian Corr\u00eaa - Grupo A\u00e7o Cearense\",\"isPartOf\":{\"@id\":\"https:\\\/\\\/previews.elleven.digital\\\/acocearense\\\/#website\"},\"primaryImageOfPage\":{\"@id\":\"https:\\\/\\\/previews.elleven.digital\\\/acocearense\\\/noticia\\\/papo-executivo-com-ian-correa\\\/#primaryimage\"},\"image\":{\"@id\":\"https:\\\/\\\/previews.elleven.digital\\\/acocearense\\\/noticia\\\/papo-executivo-com-ian-correa\\\/#primaryimage\"},\"thumbnailUrl\":\"https:\\\/\\\/www.grupoacocearense.com.br\\\/wp-content\\\/uploads\\\/2025\\\/05\\\/2018-05-15-PHOTO-00000082.jpg\",\"datePublished\":\"2018-05-15T17:45:50+00:00\",\"dateModified\":\"2025-05-07T17:46:19+00:00\",\"breadcrumb\":{\"@id\":\"https:\\\/\\\/previews.elleven.digital\\\/acocearense\\\/noticia\\\/papo-executivo-com-ian-correa\\\/#breadcrumb\"},\"inLanguage\":\"en-US\",\"potentialAction\":[{\"@type\":\"ReadAction\",\"target\":[\"https:\\\/\\\/previews.elleven.digital\\\/acocearense\\\/noticia\\\/papo-executivo-com-ian-correa\\\/\"]}]},{\"@type\":\"ImageObject\",\"inLanguage\":\"en-US\",\"@id\":\"https:\\\/\\\/previews.elleven.digital\\\/acocearense\\\/noticia\\\/papo-executivo-com-ian-correa\\\/#primaryimage\",\"url\":\"https:\\\/\\\/www.grupoacocearense.com.br\\\/wp-content\\\/uploads\\\/2025\\\/05\\\/2018-05-15-PHOTO-00000082.jpg\",\"contentUrl\":\"https:\\\/\\\/www.grupoacocearense.com.br\\\/wp-content\\\/uploads\\\/2025\\\/05\\\/2018-05-15-PHOTO-00000082.jpg\",\"width\":1024,\"height\":701},{\"@type\":\"BreadcrumbList\",\"@id\":\"https:\\\/\\\/previews.elleven.digital\\\/acocearense\\\/noticia\\\/papo-executivo-com-ian-correa\\\/#breadcrumb\",\"itemListElement\":[{\"@type\":\"ListItem\",\"position\":1,\"name\":\"In\u00edcio\",\"item\":\"https:\\\/\\\/www.grupoacocearense.com.br\\\/\"},{\"@type\":\"ListItem\",\"position\":2,\"name\":\"Not\u00edcias\",\"item\":\"https:\\\/\\\/previews.elleven.digital\\\/acocearense\\\/noticias\\\/\"},{\"@type\":\"ListItem\",\"position\":3,\"name\":\"Papo Executivo com Ian Corr\u00eaa\"}]},{\"@type\":\"WebSite\",\"@id\":\"https:\\\/\\\/previews.elleven.digital\\\/acocearense\\\/#website\",\"url\":\"https:\\\/\\\/previews.elleven.digital\\\/acocearense\\\/\",\"name\":\"A\u00e7o Cearense\",\"description\":\"H\u00e1 mais de 45 anos no mercado brasileiro do a\u00e7o.\",\"alternateName\":\"A\u00e7o Cearense\",\"potentialAction\":[{\"@type\":\"SearchAction\",\"target\":{\"@type\":\"EntryPoint\",\"urlTemplate\":\"https:\\\/\\\/previews.elleven.digital\\\/acocearense\\\/?s={search_term_string}\"},\"query-input\":{\"@type\":\"PropertyValueSpecification\",\"valueRequired\":true,\"valueName\":\"search_term_string\"}}],\"inLanguage\":\"en-US\"}]}<\/script>\n<!-- \/ Yoast SEO plugin. -->","yoast_head_json":{"title":"Executive Chat with Ian Corr\u00eaa - A\u00e7o Cearense Group","robots":{"index":"index","follow":"follow","max-snippet":"max-snippet:-1","max-image-preview":"max-image-preview:large","max-video-preview":"max-video-preview:-1"},"canonical":"https:\/\/previews.elleven.digital\/acocearense\/noticia\/papo-executivo-com-ian-correa\/","og_locale":"en_US","og_type":"article","og_title":"Papo Executivo com Ian Corr\u00eaa - Grupo A\u00e7o Cearense","og_description":"Na sexta-feira (11), Ian Corr\u00eaa, Vice-Presidente de Opera\u00e7\u00f5es do Grupo A\u00e7o Cearense, falou sobre gest\u00e3o(...)","og_url":"https:\/\/previews.elleven.digital\/acocearense\/noticia\/papo-executivo-com-ian-correa\/","og_site_name":"Grupo A\u00e7o Cearense","article_modified_time":"2025-05-07T17:46:19+00:00","og_image":[{"width":1024,"height":701,"url":"https:\/\/previews.elleven.digital\/acocearense\/wp-content\/uploads\/2025\/05\/2018-05-15-PHOTO-00000082.jpg","type":"image\/jpeg"}],"twitter_card":"summary_large_image","twitter_misc":{"Est. reading time":"1 minute"},"schema":{"@context":"https:\/\/schema.org","@graph":[{"@type":"WebPage","@id":"https:\/\/previews.elleven.digital\/acocearense\/noticia\/papo-executivo-com-ian-correa\/","url":"https:\/\/previews.elleven.digital\/acocearense\/noticia\/papo-executivo-com-ian-correa\/","name":"Executive Chat with Ian Corr\u00eaa - A\u00e7o Cearense Group","isPartOf":{"@id":"https:\/\/previews.elleven.digital\/acocearense\/#website"},"primaryImageOfPage":{"@id":"https:\/\/previews.elleven.digital\/acocearense\/noticia\/papo-executivo-com-ian-correa\/#primaryimage"},"image":{"@id":"https:\/\/previews.elleven.digital\/acocearense\/noticia\/papo-executivo-com-ian-correa\/#primaryimage"},"thumbnailUrl":"https:\/\/www.grupoacocearense.com.br\/wp-content\/uploads\/2025\/05\/2018-05-15-PHOTO-00000082.jpg","datePublished":"2018-05-15T17:45:50+00:00","dateModified":"2025-05-07T17:46:19+00:00","breadcrumb":{"@id":"https:\/\/previews.elleven.digital\/acocearense\/noticia\/papo-executivo-com-ian-correa\/#breadcrumb"},"inLanguage":"en-US","potentialAction":[{"@type":"ReadAction","target":["https:\/\/previews.elleven.digital\/acocearense\/noticia\/papo-executivo-com-ian-correa\/"]}]},{"@type":"ImageObject","inLanguage":"en-US","@id":"https:\/\/previews.elleven.digital\/acocearense\/noticia\/papo-executivo-com-ian-correa\/#primaryimage","url":"https:\/\/www.grupoacocearense.com.br\/wp-content\/uploads\/2025\/05\/2018-05-15-PHOTO-00000082.jpg","contentUrl":"https:\/\/www.grupoacocearense.com.br\/wp-content\/uploads\/2025\/05\/2018-05-15-PHOTO-00000082.jpg","width":1024,"height":701},{"@type":"BreadcrumbList","@id":"https:\/\/previews.elleven.digital\/acocearense\/noticia\/papo-executivo-com-ian-correa\/#breadcrumb","itemListElement":[{"@type":"ListItem","position":1,"name":"In\u00edcio","item":"https:\/\/www.grupoacocearense.com.br\/"},{"@type":"ListItem","position":2,"name":"Not\u00edcias","item":"https:\/\/previews.elleven.digital\/acocearense\/noticias\/"},{"@type":"ListItem","position":3,"name":"Papo Executivo com Ian Corr\u00eaa"}]},{"@type":"WebSite","@id":"https:\/\/previews.elleven.digital\/acocearense\/#website","url":"https:\/\/previews.elleven.digital\/acocearense\/","name":"Cear\u00e1 Steel","description":"In the Brazilian steel market for over 45 years.","alternateName":"A\u00e7o Cearense","potentialAction":[{"@type":"SearchAction","target":{"@type":"EntryPoint","urlTemplate":"https:\/\/previews.elleven.digital\/acocearense\/?s={search_term_string}"},"query-input":{"@type":"PropertyValueSpecification","valueRequired":true,"valueName":"search_term_string"}}],"inLanguage":"en-US"}]}},"_links":{"self":[{"href":"https:\/\/www.grupoacocearense.com.br\/en\/wp-json\/wp\/v2\/noticia\/1768","targetHints":{"allow":["GET"]}}],"collection":[{"href":"https:\/\/www.grupoacocearense.com.br\/en\/wp-json\/wp\/v2\/noticia"}],"about":[{"href":"https:\/\/www.grupoacocearense.com.br\/en\/wp-json\/wp\/v2\/types\/noticia"}],"wp:featuredmedia":[{"embeddable":true,"href":"https:\/\/www.grupoacocearense.com.br\/en\/wp-json\/wp\/v2\/media\/1758"}],"wp:attachment":[{"href":"https:\/\/www.grupoacocearense.com.br\/en\/wp-json\/wp\/v2\/media?parent=1768"}],"wp:term":[{"taxonomy":"categoria-noticia","embeddable":true,"href":"https:\/\/www.grupoacocearense.com.br\/en\/wp-json\/wp\/v2\/categoria-noticia?post=1768"}],"curies":[{"name":"wp","href":"https:\/\/api.w.org\/{rel}","templated":true}]}}