{"id":1765,"date":"2018-03-07T14:44:27","date_gmt":"2018-03-07T17:44:27","guid":{"rendered":"https:\/\/www.grupoacocearense.com.br\/?post_type=noticia&#038;p=1765"},"modified":"2025-05-07T14:44:54","modified_gmt":"2025-05-07T17:44:54","slug":"aco-cearense-realiza-a-8a-edicao-do-projeto-educacional","status":"publish","type":"noticia","link":"https:\/\/www.grupoacocearense.com.br\/en\/noticia\/aco-cearense-realiza-a-8a-edicao-do-projeto-educacional\/","title":{"rendered":"A\u00e7o Cearense holds the 8th edition of the Educational Project"},"content":{"rendered":"<h3>How important are dreams?<\/h3>\n<p>It was with this question that the awards ceremony for the 8th edition of the Educational Project began. Studies show that dreams are the fuel of life, as they help maintain high motivation, despite the countless challenges we face. Each human being&#039;s dreams reflect the level of evolution of their consciousness. To encourage the realization of dreams through studies, A\u00e7o Cearense holds the Educational Project annually.<\/p>\n<p>A total of 10 students from public and private schools were awarded. The 8th edition of the event was attended by principals, administrators, students, and their families. Luiza Gabriela Lisboa, daughter of ACC Communications collaborator Waldirene Lisboa, received an award and praised the project. &quot;This is my first time participating, and I really liked A\u00e7o Cearense&#039;s initiative, rewarding the highest academic grades. This is motivating for us,&quot; she said.<\/p>\n<p>New this year at the awards ceremony was a board game in which students and their parents participated, competing for two bookstore vouchers worth R$1,400.00 each. The game included questions on general knowledge, the environment, geography, and other specific questions about A\u00e7o Cearense. T\u00e1cito Amorim, a member of the ACC Collections department, enjoyed the experience: &quot;I thought the game was really cool because it reminded me of some things I&#039;d forgotten and, at the same time, helped me learn a little more about A\u00e7o Cearense.&quot; Tainara Suiane, T\u00e1cito&#039;s daughter, participated in the project for the third time, finishing second twice, and this year, securing first place.<\/p>\n<h3>Awards<\/h3>\n<p>The Educational Project awards are presented in four categories: 6th-9th grades of elementary school (public and private schools) and 1st-3rd grades of high school (public and private schools). The winners received: a R$1,400.00 bookstore voucher for third place; a tablet for second place; and a laptop for first place. The winners&#039; annual average grades ranged from 8.18 to 10.<\/p>","protected":false},"featured_media":1761,"template":"","meta":{"_acf_changed":false,"inline_featured_image":false},"categoria-noticia":[],"class_list":["post-1765","noticia","type-noticia","status-publish","has-post-thumbnail","hentry"],"acf":{"link":""},"yoast_head":"<!-- This site is optimized with the Yoast SEO plugin v27.4 - https:\/\/yoast.com\/product\/yoast-seo-wordpress\/ -->\n<title>A\u00e7o Cearense realiza a 8\u00aa edi\u00e7\u00e3o do Projeto Educacional - Grupo A\u00e7o Cearense<\/title>\n<meta name=\"robots\" content=\"index, follow, max-snippet:-1, max-image-preview:large, max-video-preview:-1\" \/>\n<link rel=\"canonical\" href=\"https:\/\/previews.elleven.digital\/acocearense\/noticia\/aco-cearense-realiza-a-8a-edicao-do-projeto-educacional\/\" \/>\n<meta property=\"og:locale\" content=\"en_US\" \/>\n<meta property=\"og:type\" content=\"article\" \/>\n<meta property=\"og:title\" content=\"A\u00e7o Cearense realiza a 8\u00aa edi\u00e7\u00e3o do Projeto Educacional - Grupo A\u00e7o Cearense\" \/>\n<meta property=\"og:description\" content=\"Qual a import\u00e2ncia dos sonhos? Foi com essa pergunta que o evento de premia\u00e7\u00e3o da(...)\" \/>\n<meta property=\"og:url\" content=\"https:\/\/previews.elleven.digital\/acocearense\/noticia\/aco-cearense-realiza-a-8a-edicao-do-projeto-educacional\/\" \/>\n<meta property=\"og:site_name\" content=\"Grupo A\u00e7o Cearense\" \/>\n<meta property=\"article:modified_time\" content=\"2025-05-07T17:44:54+00:00\" \/>\n<meta property=\"og:image\" content=\"https:\/\/previews.elleven.digital\/acocearense\/wp-content\/uploads\/2025\/05\/68d174a3-e15c-47d9-ad8f-fad6ce3878c1-1.jpg\" \/>\n\t<meta property=\"og:image:width\" content=\"960\" \/>\n\t<meta property=\"og:image:height\" content=\"720\" \/>\n\t<meta property=\"og:image:type\" content=\"image\/jpeg\" \/>\n<meta name=\"twitter:card\" content=\"summary_large_image\" \/>\n<meta name=\"twitter:label1\" content=\"Est. reading time\" \/>\n\t<meta name=\"twitter:data1\" content=\"1 minute\" \/>\n<script type=\"application\/ld+json\" class=\"yoast-schema-graph\">{\"@context\":\"https:\\\/\\\/schema.org\",\"@graph\":[{\"@type\":\"WebPage\",\"@id\":\"https:\\\/\\\/previews.elleven.digital\\\/acocearense\\\/noticia\\\/aco-cearense-realiza-a-8a-edicao-do-projeto-educacional\\\/\",\"url\":\"https:\\\/\\\/previews.elleven.digital\\\/acocearense\\\/noticia\\\/aco-cearense-realiza-a-8a-edicao-do-projeto-educacional\\\/\",\"name\":\"A\u00e7o Cearense realiza a 8\u00aa edi\u00e7\u00e3o do Projeto Educacional - Grupo A\u00e7o Cearense\",\"isPartOf\":{\"@id\":\"https:\\\/\\\/previews.elleven.digital\\\/acocearense\\\/#website\"},\"primaryImageOfPage\":{\"@id\":\"https:\\\/\\\/previews.elleven.digital\\\/acocearense\\\/noticia\\\/aco-cearense-realiza-a-8a-edicao-do-projeto-educacional\\\/#primaryimage\"},\"image\":{\"@id\":\"https:\\\/\\\/previews.elleven.digital\\\/acocearense\\\/noticia\\\/aco-cearense-realiza-a-8a-edicao-do-projeto-educacional\\\/#primaryimage\"},\"thumbnailUrl\":\"https:\\\/\\\/www.grupoacocearense.com.br\\\/wp-content\\\/uploads\\\/2025\\\/05\\\/68d174a3-e15c-47d9-ad8f-fad6ce3878c1-1.jpg\",\"datePublished\":\"2018-03-07T17:44:27+00:00\",\"dateModified\":\"2025-05-07T17:44:54+00:00\",\"breadcrumb\":{\"@id\":\"https:\\\/\\\/previews.elleven.digital\\\/acocearense\\\/noticia\\\/aco-cearense-realiza-a-8a-edicao-do-projeto-educacional\\\/#breadcrumb\"},\"inLanguage\":\"en-US\",\"potentialAction\":[{\"@type\":\"ReadAction\",\"target\":[\"https:\\\/\\\/previews.elleven.digital\\\/acocearense\\\/noticia\\\/aco-cearense-realiza-a-8a-edicao-do-projeto-educacional\\\/\"]}]},{\"@type\":\"ImageObject\",\"inLanguage\":\"en-US\",\"@id\":\"https:\\\/\\\/previews.elleven.digital\\\/acocearense\\\/noticia\\\/aco-cearense-realiza-a-8a-edicao-do-projeto-educacional\\\/#primaryimage\",\"url\":\"https:\\\/\\\/www.grupoacocearense.com.br\\\/wp-content\\\/uploads\\\/2025\\\/05\\\/68d174a3-e15c-47d9-ad8f-fad6ce3878c1-1.jpg\",\"contentUrl\":\"https:\\\/\\\/www.grupoacocearense.com.br\\\/wp-content\\\/uploads\\\/2025\\\/05\\\/68d174a3-e15c-47d9-ad8f-fad6ce3878c1-1.jpg\",\"width\":960,\"height\":720},{\"@type\":\"BreadcrumbList\",\"@id\":\"https:\\\/\\\/previews.elleven.digital\\\/acocearense\\\/noticia\\\/aco-cearense-realiza-a-8a-edicao-do-projeto-educacional\\\/#breadcrumb\",\"itemListElement\":[{\"@type\":\"ListItem\",\"position\":1,\"name\":\"In\u00edcio\",\"item\":\"https:\\\/\\\/www.grupoacocearense.com.br\\\/\"},{\"@type\":\"ListItem\",\"position\":2,\"name\":\"Not\u00edcias\",\"item\":\"https:\\\/\\\/previews.elleven.digital\\\/acocearense\\\/noticias\\\/\"},{\"@type\":\"ListItem\",\"position\":3,\"name\":\"A\u00e7o Cearense realiza a 8\u00aa edi\u00e7\u00e3o do Projeto Educacional\"}]},{\"@type\":\"WebSite\",\"@id\":\"https:\\\/\\\/previews.elleven.digital\\\/acocearense\\\/#website\",\"url\":\"https:\\\/\\\/previews.elleven.digital\\\/acocearense\\\/\",\"name\":\"A\u00e7o Cearense\",\"description\":\"H\u00e1 mais de 45 anos no mercado brasileiro do a\u00e7o.\",\"alternateName\":\"A\u00e7o Cearense\",\"potentialAction\":[{\"@type\":\"SearchAction\",\"target\":{\"@type\":\"EntryPoint\",\"urlTemplate\":\"https:\\\/\\\/previews.elleven.digital\\\/acocearense\\\/?s={search_term_string}\"},\"query-input\":{\"@type\":\"PropertyValueSpecification\",\"valueRequired\":true,\"valueName\":\"search_term_string\"}}],\"inLanguage\":\"en-US\"}]}<\/script>\n<!-- \/ Yoast SEO plugin. -->","yoast_head_json":{"title":"A\u00e7o Cearense realiza a 8\u00aa edi\u00e7\u00e3o do Projeto Educacional - Grupo A\u00e7o Cearense","robots":{"index":"index","follow":"follow","max-snippet":"max-snippet:-1","max-image-preview":"max-image-preview:large","max-video-preview":"max-video-preview:-1"},"canonical":"https:\/\/previews.elleven.digital\/acocearense\/noticia\/aco-cearense-realiza-a-8a-edicao-do-projeto-educacional\/","og_locale":"en_US","og_type":"article","og_title":"A\u00e7o Cearense realiza a 8\u00aa edi\u00e7\u00e3o do Projeto Educacional - Grupo A\u00e7o Cearense","og_description":"Qual a import\u00e2ncia dos sonhos? Foi com essa pergunta que o evento de premia\u00e7\u00e3o da(...)","og_url":"https:\/\/previews.elleven.digital\/acocearense\/noticia\/aco-cearense-realiza-a-8a-edicao-do-projeto-educacional\/","og_site_name":"Grupo A\u00e7o Cearense","article_modified_time":"2025-05-07T17:44:54+00:00","og_image":[{"width":960,"height":720,"url":"https:\/\/previews.elleven.digital\/acocearense\/wp-content\/uploads\/2025\/05\/68d174a3-e15c-47d9-ad8f-fad6ce3878c1-1.jpg","type":"image\/jpeg"}],"twitter_card":"summary_large_image","twitter_misc":{"Est. reading time":"1 minute"},"schema":{"@context":"https:\/\/schema.org","@graph":[{"@type":"WebPage","@id":"https:\/\/previews.elleven.digital\/acocearense\/noticia\/aco-cearense-realiza-a-8a-edicao-do-projeto-educacional\/","url":"https:\/\/previews.elleven.digital\/acocearense\/noticia\/aco-cearense-realiza-a-8a-edicao-do-projeto-educacional\/","name":"A\u00e7o Cearense realiza a 8\u00aa edi\u00e7\u00e3o do Projeto Educacional - Grupo A\u00e7o Cearense","isPartOf":{"@id":"https:\/\/previews.elleven.digital\/acocearense\/#website"},"primaryImageOfPage":{"@id":"https:\/\/previews.elleven.digital\/acocearense\/noticia\/aco-cearense-realiza-a-8a-edicao-do-projeto-educacional\/#primaryimage"},"image":{"@id":"https:\/\/previews.elleven.digital\/acocearense\/noticia\/aco-cearense-realiza-a-8a-edicao-do-projeto-educacional\/#primaryimage"},"thumbnailUrl":"https:\/\/www.grupoacocearense.com.br\/wp-content\/uploads\/2025\/05\/68d174a3-e15c-47d9-ad8f-fad6ce3878c1-1.jpg","datePublished":"2018-03-07T17:44:27+00:00","dateModified":"2025-05-07T17:44:54+00:00","breadcrumb":{"@id":"https:\/\/previews.elleven.digital\/acocearense\/noticia\/aco-cearense-realiza-a-8a-edicao-do-projeto-educacional\/#breadcrumb"},"inLanguage":"en-US","potentialAction":[{"@type":"ReadAction","target":["https:\/\/previews.elleven.digital\/acocearense\/noticia\/aco-cearense-realiza-a-8a-edicao-do-projeto-educacional\/"]}]},{"@type":"ImageObject","inLanguage":"en-US","@id":"https:\/\/previews.elleven.digital\/acocearense\/noticia\/aco-cearense-realiza-a-8a-edicao-do-projeto-educacional\/#primaryimage","url":"https:\/\/www.grupoacocearense.com.br\/wp-content\/uploads\/2025\/05\/68d174a3-e15c-47d9-ad8f-fad6ce3878c1-1.jpg","contentUrl":"https:\/\/www.grupoacocearense.com.br\/wp-content\/uploads\/2025\/05\/68d174a3-e15c-47d9-ad8f-fad6ce3878c1-1.jpg","width":960,"height":720},{"@type":"BreadcrumbList","@id":"https:\/\/previews.elleven.digital\/acocearense\/noticia\/aco-cearense-realiza-a-8a-edicao-do-projeto-educacional\/#breadcrumb","itemListElement":[{"@type":"ListItem","position":1,"name":"In\u00edcio","item":"https:\/\/www.grupoacocearense.com.br\/"},{"@type":"ListItem","position":2,"name":"Not\u00edcias","item":"https:\/\/previews.elleven.digital\/acocearense\/noticias\/"},{"@type":"ListItem","position":3,"name":"A\u00e7o Cearense realiza a 8\u00aa edi\u00e7\u00e3o do Projeto Educacional"}]},{"@type":"WebSite","@id":"https:\/\/previews.elleven.digital\/acocearense\/#website","url":"https:\/\/previews.elleven.digital\/acocearense\/","name":"Cear\u00e1 Steel","description":"In the Brazilian steel market for over 45 years.","alternateName":"A\u00e7o Cearense","potentialAction":[{"@type":"SearchAction","target":{"@type":"EntryPoint","urlTemplate":"https:\/\/previews.elleven.digital\/acocearense\/?s={search_term_string}"},"query-input":{"@type":"PropertyValueSpecification","valueRequired":true,"valueName":"search_term_string"}}],"inLanguage":"en-US"}]}},"_links":{"self":[{"href":"https:\/\/www.grupoacocearense.com.br\/en\/wp-json\/wp\/v2\/noticia\/1765","targetHints":{"allow":["GET"]}}],"collection":[{"href":"https:\/\/www.grupoacocearense.com.br\/en\/wp-json\/wp\/v2\/noticia"}],"about":[{"href":"https:\/\/www.grupoacocearense.com.br\/en\/wp-json\/wp\/v2\/types\/noticia"}],"wp:featuredmedia":[{"embeddable":true,"href":"https:\/\/www.grupoacocearense.com.br\/en\/wp-json\/wp\/v2\/media\/1761"}],"wp:attachment":[{"href":"https:\/\/www.grupoacocearense.com.br\/en\/wp-json\/wp\/v2\/media?parent=1765"}],"wp:term":[{"taxonomy":"categoria-noticia","embeddable":true,"href":"https:\/\/www.grupoacocearense.com.br\/en\/wp-json\/wp\/v2\/categoria-noticia?post=1765"}],"curies":[{"name":"wp","href":"https:\/\/api.w.org\/{rel}","templated":true}]}}