{"id":1752,"date":"2017-12-28T14:36:37","date_gmt":"2017-12-28T16:36:37","guid":{"rendered":"https:\/\/www.grupoacocearense.com.br\/?post_type=noticia&#038;p=1752"},"modified":"2025-05-07T14:37:19","modified_gmt":"2025-05-07T17:37:19","slug":"400-criancas-receberam-presentes-no-abraco-feliz-deste-ano","status":"publish","type":"noticia","link":"https:\/\/www.grupoacocearense.com.br\/en\/noticia\/400-criancas-receberam-presentes-no-abraco-feliz-deste-ano\/","title":{"rendered":"400 children received gifts at this year&#039;s \u201cHappy Hug\u201d"},"content":{"rendered":"<p>This December, the A\u00e7o Cearense Group held another edition of its &quot;Happy Hug&quot; campaign. The initiative is organized by the A\u00e7o Cearense Institute, a non-profit organization responsible for all of the Group&#039;s social, educational, sports, and environmental initiatives. It aims to bring a little joy to children at social risk during the Christmas season. Last year, the campaign benefited approximately 300 children, and this year, 400 participants from charitable organizations participated. The children themselves wrote the letters with their wishes, which the A\u00e7o Cearense Institute collected and placed on Christmas trees at A\u00e7o Cearense Comercial, A\u00e7o Cearense Industrial, and SINOBRAS.<\/p>\n<p>The first delivery event took place on Thursday morning (14) and afternoon at A\u00e7o Cearense Comercial, with a musical performance and many smiles from the children of the Associa\u00e7\u00e3o Escola de Campe\u00f5es, Lar de Clara, and CEPEVIVE. Commercial Coordinator Fl\u00e1vio Leit\u00e3o, one of the sponsors, commented: &quot;This is one of the A\u00e7o Cearense Group&#039;s most moving events. Everyone who participates takes a trip back in time and rediscovers memories of their childhood. It&#039;s refreshing to see these children with their eyes shining as they await the long-awaited gift. I&#039;m sure God will reward the creators of this idea with blessings upon blessings for all,&quot; he said.<\/p>\n<p>Deliveries were also made on Friday at A\u00e7o Cearense Industrial Branch and included children from Escola de Campe\u00f5es and Lar de Clara. At SINOBRAS, the campaign awarded gifts to children from the Association of Visual Artists of Southern and Southeastern Par\u00e1 (ARMA). The events featured musical performances by children from the institutions, which moved the godparents in attendance.<\/p>\n<p>For Rosemeire Matos, president of the Instituto A\u00e7o Cearense, the events marked the end of a challenging year. &quot;It&#039;s very gratifying to see the joy in these children&#039;s eyes. I&#039;m thrilled to see the participation of our employees, especially those who can&#039;t afford to buy a gift alone and join forces with colleagues to share the cost. This is the spirit of solidarity and unity we want to instill in our employees. Congratulations on everyone&#039;s participation and contribution.&quot;<\/p>\n<p>Kelly Vieira, a driver for A\u00e7o Cearense Industrial, commented that the campaign is crucial for doing good and bringing joy to children. &quot;Last year, I participated in Abra\u00e7o Feliz and I see how important it is for A\u00e7o Cearense, a large company, to support this initiative. This is an opportunity for these children not to be forgotten, and participating is very rewarding, both for the children and for us employees.&quot;<\/p>\n<p>Estrutural, an industrial maintenance company based in Fortaleza, also joined the campaign and adopted around 52 letters.<\/p>","protected":false},"featured_media":1734,"template":"","meta":{"_acf_changed":false,"inline_featured_image":false},"categoria-noticia":[],"class_list":["post-1752","noticia","type-noticia","status-publish","has-post-thumbnail","hentry"],"acf":{"link":""},"yoast_head":"<!-- This site is optimized with the Yoast SEO plugin v27.4 - https:\/\/yoast.com\/product\/yoast-seo-wordpress\/ -->\n<title>400 crian\u00e7as receberam presentes no \u201cAbra\u00e7o Feliz\u201d deste ano - Grupo A\u00e7o Cearense<\/title>\n<meta name=\"robots\" content=\"index, follow, max-snippet:-1, max-image-preview:large, max-video-preview:-1\" \/>\n<link rel=\"canonical\" href=\"https:\/\/previews.elleven.digital\/acocearense\/noticia\/400-criancas-receberam-presentes-no-abraco-feliz-deste-ano\/\" \/>\n<meta property=\"og:locale\" content=\"en_US\" \/>\n<meta property=\"og:type\" content=\"article\" \/>\n<meta property=\"og:title\" content=\"400 crian\u00e7as receberam presentes no \u201cAbra\u00e7o Feliz\u201d deste ano - Grupo A\u00e7o Cearense\" \/>\n<meta property=\"og:description\" content=\"Neste m\u00eas de dezembro, o Grupo A\u00e7o Cearense realizou mais uma edi\u00e7\u00e3o da campanha \u201cAbra\u00e7o(...)\" \/>\n<meta property=\"og:url\" content=\"https:\/\/previews.elleven.digital\/acocearense\/noticia\/400-criancas-receberam-presentes-no-abraco-feliz-deste-ano\/\" \/>\n<meta property=\"og:site_name\" content=\"Grupo A\u00e7o Cearense\" \/>\n<meta property=\"article:modified_time\" content=\"2025-05-07T17:37:19+00:00\" \/>\n<meta property=\"og:image\" content=\"https:\/\/previews.elleven.digital\/acocearense\/wp-content\/uploads\/2025\/05\/AbracoFeliz2017-scaled.jpg\" \/>\n\t<meta property=\"og:image:width\" content=\"2560\" \/>\n\t<meta property=\"og:image:height\" content=\"1440\" \/>\n\t<meta property=\"og:image:type\" content=\"image\/jpeg\" \/>\n<meta name=\"twitter:card\" content=\"summary_large_image\" \/>\n<meta name=\"twitter:label1\" content=\"Est. reading time\" \/>\n\t<meta name=\"twitter:data1\" content=\"3 minutes\" \/>\n<script type=\"application\/ld+json\" class=\"yoast-schema-graph\">{\"@context\":\"https:\\\/\\\/schema.org\",\"@graph\":[{\"@type\":\"WebPage\",\"@id\":\"https:\\\/\\\/previews.elleven.digital\\\/acocearense\\\/noticia\\\/400-criancas-receberam-presentes-no-abraco-feliz-deste-ano\\\/\",\"url\":\"https:\\\/\\\/previews.elleven.digital\\\/acocearense\\\/noticia\\\/400-criancas-receberam-presentes-no-abraco-feliz-deste-ano\\\/\",\"name\":\"400 crian\u00e7as receberam presentes no \u201cAbra\u00e7o Feliz\u201d deste ano - Grupo A\u00e7o Cearense\",\"isPartOf\":{\"@id\":\"https:\\\/\\\/previews.elleven.digital\\\/acocearense\\\/#website\"},\"primaryImageOfPage\":{\"@id\":\"https:\\\/\\\/previews.elleven.digital\\\/acocearense\\\/noticia\\\/400-criancas-receberam-presentes-no-abraco-feliz-deste-ano\\\/#primaryimage\"},\"image\":{\"@id\":\"https:\\\/\\\/previews.elleven.digital\\\/acocearense\\\/noticia\\\/400-criancas-receberam-presentes-no-abraco-feliz-deste-ano\\\/#primaryimage\"},\"thumbnailUrl\":\"https:\\\/\\\/www.grupoacocearense.com.br\\\/wp-content\\\/uploads\\\/2025\\\/05\\\/AbracoFeliz2017-scaled.jpg\",\"datePublished\":\"2017-12-28T16:36:37+00:00\",\"dateModified\":\"2025-05-07T17:37:19+00:00\",\"breadcrumb\":{\"@id\":\"https:\\\/\\\/previews.elleven.digital\\\/acocearense\\\/noticia\\\/400-criancas-receberam-presentes-no-abraco-feliz-deste-ano\\\/#breadcrumb\"},\"inLanguage\":\"en-US\",\"potentialAction\":[{\"@type\":\"ReadAction\",\"target\":[\"https:\\\/\\\/previews.elleven.digital\\\/acocearense\\\/noticia\\\/400-criancas-receberam-presentes-no-abraco-feliz-deste-ano\\\/\"]}]},{\"@type\":\"ImageObject\",\"inLanguage\":\"en-US\",\"@id\":\"https:\\\/\\\/previews.elleven.digital\\\/acocearense\\\/noticia\\\/400-criancas-receberam-presentes-no-abraco-feliz-deste-ano\\\/#primaryimage\",\"url\":\"https:\\\/\\\/www.grupoacocearense.com.br\\\/wp-content\\\/uploads\\\/2025\\\/05\\\/AbracoFeliz2017-scaled.jpg\",\"contentUrl\":\"https:\\\/\\\/www.grupoacocearense.com.br\\\/wp-content\\\/uploads\\\/2025\\\/05\\\/AbracoFeliz2017-scaled.jpg\",\"width\":2560,\"height\":1440},{\"@type\":\"BreadcrumbList\",\"@id\":\"https:\\\/\\\/previews.elleven.digital\\\/acocearense\\\/noticia\\\/400-criancas-receberam-presentes-no-abraco-feliz-deste-ano\\\/#breadcrumb\",\"itemListElement\":[{\"@type\":\"ListItem\",\"position\":1,\"name\":\"In\u00edcio\",\"item\":\"https:\\\/\\\/www.grupoacocearense.com.br\\\/\"},{\"@type\":\"ListItem\",\"position\":2,\"name\":\"Not\u00edcias\",\"item\":\"https:\\\/\\\/previews.elleven.digital\\\/acocearense\\\/noticias\\\/\"},{\"@type\":\"ListItem\",\"position\":3,\"name\":\"400 crian\u00e7as receberam presentes no \u201cAbra\u00e7o Feliz\u201d deste ano\"}]},{\"@type\":\"WebSite\",\"@id\":\"https:\\\/\\\/previews.elleven.digital\\\/acocearense\\\/#website\",\"url\":\"https:\\\/\\\/previews.elleven.digital\\\/acocearense\\\/\",\"name\":\"A\u00e7o Cearense\",\"description\":\"H\u00e1 mais de 45 anos no mercado brasileiro do a\u00e7o.\",\"alternateName\":\"A\u00e7o Cearense\",\"potentialAction\":[{\"@type\":\"SearchAction\",\"target\":{\"@type\":\"EntryPoint\",\"urlTemplate\":\"https:\\\/\\\/previews.elleven.digital\\\/acocearense\\\/?s={search_term_string}\"},\"query-input\":{\"@type\":\"PropertyValueSpecification\",\"valueRequired\":true,\"valueName\":\"search_term_string\"}}],\"inLanguage\":\"en-US\"}]}<\/script>\n<!-- \/ Yoast SEO plugin. -->","yoast_head_json":{"title":"400 crian\u00e7as receberam presentes no \u201cAbra\u00e7o Feliz\u201d deste ano - Grupo A\u00e7o Cearense","robots":{"index":"index","follow":"follow","max-snippet":"max-snippet:-1","max-image-preview":"max-image-preview:large","max-video-preview":"max-video-preview:-1"},"canonical":"https:\/\/previews.elleven.digital\/acocearense\/noticia\/400-criancas-receberam-presentes-no-abraco-feliz-deste-ano\/","og_locale":"en_US","og_type":"article","og_title":"400 crian\u00e7as receberam presentes no \u201cAbra\u00e7o Feliz\u201d deste ano - Grupo A\u00e7o Cearense","og_description":"Neste m\u00eas de dezembro, o Grupo A\u00e7o Cearense realizou mais uma edi\u00e7\u00e3o da campanha \u201cAbra\u00e7o(...)","og_url":"https:\/\/previews.elleven.digital\/acocearense\/noticia\/400-criancas-receberam-presentes-no-abraco-feliz-deste-ano\/","og_site_name":"Grupo A\u00e7o Cearense","article_modified_time":"2025-05-07T17:37:19+00:00","og_image":[{"width":2560,"height":1440,"url":"https:\/\/previews.elleven.digital\/acocearense\/wp-content\/uploads\/2025\/05\/AbracoFeliz2017-scaled.jpg","type":"image\/jpeg"}],"twitter_card":"summary_large_image","twitter_misc":{"Est. reading time":"3 minutes"},"schema":{"@context":"https:\/\/schema.org","@graph":[{"@type":"WebPage","@id":"https:\/\/previews.elleven.digital\/acocearense\/noticia\/400-criancas-receberam-presentes-no-abraco-feliz-deste-ano\/","url":"https:\/\/previews.elleven.digital\/acocearense\/noticia\/400-criancas-receberam-presentes-no-abraco-feliz-deste-ano\/","name":"400 crian\u00e7as receberam presentes no \u201cAbra\u00e7o Feliz\u201d deste ano - Grupo A\u00e7o Cearense","isPartOf":{"@id":"https:\/\/previews.elleven.digital\/acocearense\/#website"},"primaryImageOfPage":{"@id":"https:\/\/previews.elleven.digital\/acocearense\/noticia\/400-criancas-receberam-presentes-no-abraco-feliz-deste-ano\/#primaryimage"},"image":{"@id":"https:\/\/previews.elleven.digital\/acocearense\/noticia\/400-criancas-receberam-presentes-no-abraco-feliz-deste-ano\/#primaryimage"},"thumbnailUrl":"https:\/\/www.grupoacocearense.com.br\/wp-content\/uploads\/2025\/05\/AbracoFeliz2017-scaled.jpg","datePublished":"2017-12-28T16:36:37+00:00","dateModified":"2025-05-07T17:37:19+00:00","breadcrumb":{"@id":"https:\/\/previews.elleven.digital\/acocearense\/noticia\/400-criancas-receberam-presentes-no-abraco-feliz-deste-ano\/#breadcrumb"},"inLanguage":"en-US","potentialAction":[{"@type":"ReadAction","target":["https:\/\/previews.elleven.digital\/acocearense\/noticia\/400-criancas-receberam-presentes-no-abraco-feliz-deste-ano\/"]}]},{"@type":"ImageObject","inLanguage":"en-US","@id":"https:\/\/previews.elleven.digital\/acocearense\/noticia\/400-criancas-receberam-presentes-no-abraco-feliz-deste-ano\/#primaryimage","url":"https:\/\/www.grupoacocearense.com.br\/wp-content\/uploads\/2025\/05\/AbracoFeliz2017-scaled.jpg","contentUrl":"https:\/\/www.grupoacocearense.com.br\/wp-content\/uploads\/2025\/05\/AbracoFeliz2017-scaled.jpg","width":2560,"height":1440},{"@type":"BreadcrumbList","@id":"https:\/\/previews.elleven.digital\/acocearense\/noticia\/400-criancas-receberam-presentes-no-abraco-feliz-deste-ano\/#breadcrumb","itemListElement":[{"@type":"ListItem","position":1,"name":"In\u00edcio","item":"https:\/\/www.grupoacocearense.com.br\/"},{"@type":"ListItem","position":2,"name":"Not\u00edcias","item":"https:\/\/previews.elleven.digital\/acocearense\/noticias\/"},{"@type":"ListItem","position":3,"name":"400 crian\u00e7as receberam presentes no \u201cAbra\u00e7o Feliz\u201d deste ano"}]},{"@type":"WebSite","@id":"https:\/\/previews.elleven.digital\/acocearense\/#website","url":"https:\/\/previews.elleven.digital\/acocearense\/","name":"Cear\u00e1 Steel","description":"In the Brazilian steel market for over 45 years.","alternateName":"A\u00e7o Cearense","potentialAction":[{"@type":"SearchAction","target":{"@type":"EntryPoint","urlTemplate":"https:\/\/previews.elleven.digital\/acocearense\/?s={search_term_string}"},"query-input":{"@type":"PropertyValueSpecification","valueRequired":true,"valueName":"search_term_string"}}],"inLanguage":"en-US"}]}},"_links":{"self":[{"href":"https:\/\/www.grupoacocearense.com.br\/en\/wp-json\/wp\/v2\/noticia\/1752","targetHints":{"allow":["GET"]}}],"collection":[{"href":"https:\/\/www.grupoacocearense.com.br\/en\/wp-json\/wp\/v2\/noticia"}],"about":[{"href":"https:\/\/www.grupoacocearense.com.br\/en\/wp-json\/wp\/v2\/types\/noticia"}],"wp:featuredmedia":[{"embeddable":true,"href":"https:\/\/www.grupoacocearense.com.br\/en\/wp-json\/wp\/v2\/media\/1734"}],"wp:attachment":[{"href":"https:\/\/www.grupoacocearense.com.br\/en\/wp-json\/wp\/v2\/media?parent=1752"}],"wp:term":[{"taxonomy":"categoria-noticia","embeddable":true,"href":"https:\/\/www.grupoacocearense.com.br\/en\/wp-json\/wp\/v2\/categoria-noticia?post=1752"}],"curies":[{"name":"wp","href":"https:\/\/api.w.org\/{rel}","templated":true}]}}