{"id":1747,"date":"2017-08-22T14:33:56","date_gmt":"2017-08-22T17:33:56","guid":{"rendered":"https:\/\/www.grupoacocearense.com.br\/?post_type=noticia&#038;p=1747"},"modified":"2025-05-07T14:34:18","modified_gmt":"2025-05-07T17:34:18","slug":"iac-realiza-2-passeio-ciclistico-pedalando-pela-paz-caucaia","status":"publish","type":"noticia","link":"https:\/\/www.grupoacocearense.com.br\/en\/noticia\/iac-realiza-2-passeio-ciclistico-pedalando-pela-paz-caucaia\/","title":{"rendered":"IAC holds 2nd Cycling Tour Pedaling for Peace, Caucaia"},"content":{"rendered":"<p>An event to mobilize the communities of Caucaia and surrounding regions, encouraging a peaceful experience and awakening young people to the importance of cycling as a sport. It is with this goal that the Instituto A\u00e7o Cearense is promoting, for the second time, on September 9th (Saturday), starting at 7 a.m., the Cycling Tour.\u00a0<strong>\u201cPedaling for Peace\u201d<\/strong>, in Caucaia. The initiative is in partnership with the Associa\u00e7\u00e3o Escola de Campe\u00f5es (located at 1273 Raimundo Nonato Alexandre Street, Camurupim), where the tour will depart and end, passing through the streets of the Mestre Ant\u00f4nio neighborhood. A larger turnout is expected than the last edition, held in 2016, when approximately 100 people participated.<\/p>\n<p>There will also be a theatrical performance by students from the School of Champions and a moment of prayer. Anyone can participate, provided they wear white, and children must be accompanied by a guardian. Registration is open at the School of Champions, Monday through Friday, from 8 a.m. to 5 p.m., and requires presentation of a CPF (Individual Taxpayer Registry), ID (RG), or birth certificate. For more information, call (85) 3342-0129 or 99239-4548.<\/p>\n<h2>Cycling for Peace in Marco (CE)<\/h2>\n<p>On August 11th, the Instituto A\u00e7o Cearense held the first edition of\u00a0<strong>Cycling for Peace Project<\/strong>\u00a0<strong>in March<\/strong>\u00a0(236 km from Fortaleza), with the support of Crea-CE and the municipal Sports Department. The event changed the daily lives of residents, with the participation of approximately 700 people, including students, teachers, and administrators from the city&#039;s public schools, who took advantage of the Student&#039;s Day holiday to participate. Cyclist Gilberto Silva, sponsored by the Institute, participated both by pedaling and by giving a motivational talk about the important role of sport in his life. Today, Gilberto Silva is ranked 2nd in the state in cycling and 3rd in the country in the XCM category.<\/p>","protected":false},"featured_media":1739,"template":"","meta":{"_acf_changed":false,"inline_featured_image":false},"categoria-noticia":[],"class_list":["post-1747","noticia","type-noticia","status-publish","has-post-thumbnail","hentry"],"acf":{"link":""},"yoast_head":"<!-- This site is optimized with the Yoast SEO plugin v27.4 - https:\/\/yoast.com\/product\/yoast-seo-wordpress\/ -->\n<title>IAC realiza 2\u00b0 Passeio Cicl\u00edstico Pedalando pela Paz, Caucaia - Grupo A\u00e7o Cearense<\/title>\n<meta name=\"robots\" content=\"index, follow, max-snippet:-1, max-image-preview:large, max-video-preview:-1\" \/>\n<link rel=\"canonical\" href=\"https:\/\/previews.elleven.digital\/acocearense\/noticia\/iac-realiza-2-passeio-ciclistico-pedalando-pela-paz-caucaia\/\" \/>\n<meta property=\"og:locale\" content=\"en_US\" \/>\n<meta property=\"og:type\" content=\"article\" \/>\n<meta property=\"og:title\" content=\"IAC realiza 2\u00b0 Passeio Cicl\u00edstico Pedalando pela Paz, Caucaia - Grupo A\u00e7o Cearense\" \/>\n<meta property=\"og:description\" content=\"Um ato para mobilizar as comunidades de Caucaia e regi\u00f5es pr\u00f3ximas incentivando uma viv\u00eancia de(...)\" \/>\n<meta property=\"og:url\" content=\"https:\/\/previews.elleven.digital\/acocearense\/noticia\/iac-realiza-2-passeio-ciclistico-pedalando-pela-paz-caucaia\/\" \/>\n<meta property=\"og:site_name\" content=\"Grupo A\u00e7o Cearense\" \/>\n<meta property=\"article:modified_time\" content=\"2025-05-07T17:34:18+00:00\" \/>\n<meta property=\"og:image\" content=\"https:\/\/previews.elleven.digital\/acocearense\/wp-content\/uploads\/2025\/05\/pedalando-pela-paz.jpg\" \/>\n\t<meta property=\"og:image:width\" content=\"815\" \/>\n\t<meta property=\"og:image:height\" content=\"692\" \/>\n\t<meta property=\"og:image:type\" content=\"image\/jpeg\" \/>\n<meta name=\"twitter:card\" content=\"summary_large_image\" \/>\n<meta name=\"twitter:label1\" content=\"Est. reading time\" \/>\n\t<meta name=\"twitter:data1\" content=\"2 minutes\" \/>\n<script type=\"application\/ld+json\" class=\"yoast-schema-graph\">{\"@context\":\"https:\\\/\\\/schema.org\",\"@graph\":[{\"@type\":\"WebPage\",\"@id\":\"https:\\\/\\\/previews.elleven.digital\\\/acocearense\\\/noticia\\\/iac-realiza-2-passeio-ciclistico-pedalando-pela-paz-caucaia\\\/\",\"url\":\"https:\\\/\\\/previews.elleven.digital\\\/acocearense\\\/noticia\\\/iac-realiza-2-passeio-ciclistico-pedalando-pela-paz-caucaia\\\/\",\"name\":\"IAC realiza 2\u00b0 Passeio Cicl\u00edstico Pedalando pela Paz, Caucaia - Grupo A\u00e7o Cearense\",\"isPartOf\":{\"@id\":\"https:\\\/\\\/previews.elleven.digital\\\/acocearense\\\/#website\"},\"primaryImageOfPage\":{\"@id\":\"https:\\\/\\\/previews.elleven.digital\\\/acocearense\\\/noticia\\\/iac-realiza-2-passeio-ciclistico-pedalando-pela-paz-caucaia\\\/#primaryimage\"},\"image\":{\"@id\":\"https:\\\/\\\/previews.elleven.digital\\\/acocearense\\\/noticia\\\/iac-realiza-2-passeio-ciclistico-pedalando-pela-paz-caucaia\\\/#primaryimage\"},\"thumbnailUrl\":\"https:\\\/\\\/www.grupoacocearense.com.br\\\/wp-content\\\/uploads\\\/2025\\\/05\\\/pedalando-pela-paz.jpg\",\"datePublished\":\"2017-08-22T17:33:56+00:00\",\"dateModified\":\"2025-05-07T17:34:18+00:00\",\"breadcrumb\":{\"@id\":\"https:\\\/\\\/previews.elleven.digital\\\/acocearense\\\/noticia\\\/iac-realiza-2-passeio-ciclistico-pedalando-pela-paz-caucaia\\\/#breadcrumb\"},\"inLanguage\":\"en-US\",\"potentialAction\":[{\"@type\":\"ReadAction\",\"target\":[\"https:\\\/\\\/previews.elleven.digital\\\/acocearense\\\/noticia\\\/iac-realiza-2-passeio-ciclistico-pedalando-pela-paz-caucaia\\\/\"]}]},{\"@type\":\"ImageObject\",\"inLanguage\":\"en-US\",\"@id\":\"https:\\\/\\\/previews.elleven.digital\\\/acocearense\\\/noticia\\\/iac-realiza-2-passeio-ciclistico-pedalando-pela-paz-caucaia\\\/#primaryimage\",\"url\":\"https:\\\/\\\/www.grupoacocearense.com.br\\\/wp-content\\\/uploads\\\/2025\\\/05\\\/pedalando-pela-paz.jpg\",\"contentUrl\":\"https:\\\/\\\/www.grupoacocearense.com.br\\\/wp-content\\\/uploads\\\/2025\\\/05\\\/pedalando-pela-paz.jpg\",\"width\":815,\"height\":692},{\"@type\":\"BreadcrumbList\",\"@id\":\"https:\\\/\\\/previews.elleven.digital\\\/acocearense\\\/noticia\\\/iac-realiza-2-passeio-ciclistico-pedalando-pela-paz-caucaia\\\/#breadcrumb\",\"itemListElement\":[{\"@type\":\"ListItem\",\"position\":1,\"name\":\"In\u00edcio\",\"item\":\"https:\\\/\\\/www.grupoacocearense.com.br\\\/\"},{\"@type\":\"ListItem\",\"position\":2,\"name\":\"Not\u00edcias\",\"item\":\"https:\\\/\\\/previews.elleven.digital\\\/acocearense\\\/noticias\\\/\"},{\"@type\":\"ListItem\",\"position\":3,\"name\":\"IAC realiza 2\u00b0 Passeio Cicl\u00edstico Pedalando pela Paz, Caucaia\"}]},{\"@type\":\"WebSite\",\"@id\":\"https:\\\/\\\/previews.elleven.digital\\\/acocearense\\\/#website\",\"url\":\"https:\\\/\\\/previews.elleven.digital\\\/acocearense\\\/\",\"name\":\"A\u00e7o Cearense\",\"description\":\"H\u00e1 mais de 45 anos no mercado brasileiro do a\u00e7o.\",\"alternateName\":\"A\u00e7o Cearense\",\"potentialAction\":[{\"@type\":\"SearchAction\",\"target\":{\"@type\":\"EntryPoint\",\"urlTemplate\":\"https:\\\/\\\/previews.elleven.digital\\\/acocearense\\\/?s={search_term_string}\"},\"query-input\":{\"@type\":\"PropertyValueSpecification\",\"valueRequired\":true,\"valueName\":\"search_term_string\"}}],\"inLanguage\":\"en-US\"}]}<\/script>\n<!-- \/ Yoast SEO plugin. -->","yoast_head_json":{"title":"IAC realiza 2\u00b0 Passeio Cicl\u00edstico Pedalando pela Paz, Caucaia - Grupo A\u00e7o Cearense","robots":{"index":"index","follow":"follow","max-snippet":"max-snippet:-1","max-image-preview":"max-image-preview:large","max-video-preview":"max-video-preview:-1"},"canonical":"https:\/\/previews.elleven.digital\/acocearense\/noticia\/iac-realiza-2-passeio-ciclistico-pedalando-pela-paz-caucaia\/","og_locale":"en_US","og_type":"article","og_title":"IAC realiza 2\u00b0 Passeio Cicl\u00edstico Pedalando pela Paz, Caucaia - Grupo A\u00e7o Cearense","og_description":"Um ato para mobilizar as comunidades de Caucaia e regi\u00f5es pr\u00f3ximas incentivando uma viv\u00eancia de(...)","og_url":"https:\/\/previews.elleven.digital\/acocearense\/noticia\/iac-realiza-2-passeio-ciclistico-pedalando-pela-paz-caucaia\/","og_site_name":"Grupo A\u00e7o Cearense","article_modified_time":"2025-05-07T17:34:18+00:00","og_image":[{"width":815,"height":692,"url":"https:\/\/previews.elleven.digital\/acocearense\/wp-content\/uploads\/2025\/05\/pedalando-pela-paz.jpg","type":"image\/jpeg"}],"twitter_card":"summary_large_image","twitter_misc":{"Est. reading time":"2 minutes"},"schema":{"@context":"https:\/\/schema.org","@graph":[{"@type":"WebPage","@id":"https:\/\/previews.elleven.digital\/acocearense\/noticia\/iac-realiza-2-passeio-ciclistico-pedalando-pela-paz-caucaia\/","url":"https:\/\/previews.elleven.digital\/acocearense\/noticia\/iac-realiza-2-passeio-ciclistico-pedalando-pela-paz-caucaia\/","name":"IAC realiza 2\u00b0 Passeio Cicl\u00edstico Pedalando pela Paz, Caucaia - Grupo A\u00e7o Cearense","isPartOf":{"@id":"https:\/\/previews.elleven.digital\/acocearense\/#website"},"primaryImageOfPage":{"@id":"https:\/\/previews.elleven.digital\/acocearense\/noticia\/iac-realiza-2-passeio-ciclistico-pedalando-pela-paz-caucaia\/#primaryimage"},"image":{"@id":"https:\/\/previews.elleven.digital\/acocearense\/noticia\/iac-realiza-2-passeio-ciclistico-pedalando-pela-paz-caucaia\/#primaryimage"},"thumbnailUrl":"https:\/\/www.grupoacocearense.com.br\/wp-content\/uploads\/2025\/05\/pedalando-pela-paz.jpg","datePublished":"2017-08-22T17:33:56+00:00","dateModified":"2025-05-07T17:34:18+00:00","breadcrumb":{"@id":"https:\/\/previews.elleven.digital\/acocearense\/noticia\/iac-realiza-2-passeio-ciclistico-pedalando-pela-paz-caucaia\/#breadcrumb"},"inLanguage":"en-US","potentialAction":[{"@type":"ReadAction","target":["https:\/\/previews.elleven.digital\/acocearense\/noticia\/iac-realiza-2-passeio-ciclistico-pedalando-pela-paz-caucaia\/"]}]},{"@type":"ImageObject","inLanguage":"en-US","@id":"https:\/\/previews.elleven.digital\/acocearense\/noticia\/iac-realiza-2-passeio-ciclistico-pedalando-pela-paz-caucaia\/#primaryimage","url":"https:\/\/www.grupoacocearense.com.br\/wp-content\/uploads\/2025\/05\/pedalando-pela-paz.jpg","contentUrl":"https:\/\/www.grupoacocearense.com.br\/wp-content\/uploads\/2025\/05\/pedalando-pela-paz.jpg","width":815,"height":692},{"@type":"BreadcrumbList","@id":"https:\/\/previews.elleven.digital\/acocearense\/noticia\/iac-realiza-2-passeio-ciclistico-pedalando-pela-paz-caucaia\/#breadcrumb","itemListElement":[{"@type":"ListItem","position":1,"name":"In\u00edcio","item":"https:\/\/www.grupoacocearense.com.br\/"},{"@type":"ListItem","position":2,"name":"Not\u00edcias","item":"https:\/\/previews.elleven.digital\/acocearense\/noticias\/"},{"@type":"ListItem","position":3,"name":"IAC realiza 2\u00b0 Passeio Cicl\u00edstico Pedalando pela Paz, Caucaia"}]},{"@type":"WebSite","@id":"https:\/\/previews.elleven.digital\/acocearense\/#website","url":"https:\/\/previews.elleven.digital\/acocearense\/","name":"Cear\u00e1 Steel","description":"In the Brazilian steel market for over 45 years.","alternateName":"A\u00e7o Cearense","potentialAction":[{"@type":"SearchAction","target":{"@type":"EntryPoint","urlTemplate":"https:\/\/previews.elleven.digital\/acocearense\/?s={search_term_string}"},"query-input":{"@type":"PropertyValueSpecification","valueRequired":true,"valueName":"search_term_string"}}],"inLanguage":"en-US"}]}},"_links":{"self":[{"href":"https:\/\/www.grupoacocearense.com.br\/en\/wp-json\/wp\/v2\/noticia\/1747","targetHints":{"allow":["GET"]}}],"collection":[{"href":"https:\/\/www.grupoacocearense.com.br\/en\/wp-json\/wp\/v2\/noticia"}],"about":[{"href":"https:\/\/www.grupoacocearense.com.br\/en\/wp-json\/wp\/v2\/types\/noticia"}],"wp:featuredmedia":[{"embeddable":true,"href":"https:\/\/www.grupoacocearense.com.br\/en\/wp-json\/wp\/v2\/media\/1739"}],"wp:attachment":[{"href":"https:\/\/www.grupoacocearense.com.br\/en\/wp-json\/wp\/v2\/media?parent=1747"}],"wp:term":[{"taxonomy":"categoria-noticia","embeddable":true,"href":"https:\/\/www.grupoacocearense.com.br\/en\/wp-json\/wp\/v2\/categoria-noticia?post=1747"}],"curies":[{"name":"wp","href":"https:\/\/api.w.org\/{rel}","templated":true}]}}