{"id":1733,"date":"2017-06-22T14:28:36","date_gmt":"2017-06-22T17:28:36","guid":{"rendered":"https:\/\/www.grupoacocearense.com.br\/?post_type=noticia&#038;p=1733"},"modified":"2025-05-07T14:32:06","modified_gmt":"2025-05-07T17:32:06","slug":"visita-do-iac-ao-municipio-de-marco-no-ceara","status":"publish","type":"noticia","link":"https:\/\/www.grupoacocearense.com.br\/en\/noticia\/visita-do-iac-ao-municipio-de-marco-no-ceara\/","title":{"rendered":"IAC visit to the municipality of Marco in Cear\u00e1"},"content":{"rendered":"<p>The Instituto A\u00e7o Cearense visited the municipality of Marco, Cear\u00e1, to begin a partnership with the city&#039;s Department of Education, Sports, and Culture. The event aimed to showcase the Institute&#039;s social projects and offer a workshop on Building and Developing Social Intervention Projects for public school teachers.<\/p>\n<p>Initially, 15 teachers participated in the training. The Instituto A\u00e7o Cearense&#039;s goal was to encourage teachers to develop intervention projects that minimize the social problems faced by adolescents and young people in the municipality of Marco. Increasingly, young people and adolescents are becoming involved and inserted into a context of social vulnerability, becoming victims of violence almost daily. &quot;According to the teachers who participated in the workshop, there are still no training projects aimed at adolescents and young people that can motivate them to recognize other opportunities and choices,&quot; said Luciana Rabelo, Social Projects Coordinator at Instituto A\u00e7o Cearense.<\/p>\n<p>At the end of the workshop, 63 books were donated, including &quot;A Ben\u00e7\u00e3o n\u00e3o foi por acidente, a hist\u00f3ria de Vilmar Ferreira,&quot; which tells the life story of the entrepreneur and founder of Grupo A\u00e7o Cearense, who was born in Marco and spent his childhood and adolescence there. The books were delivered to the municipal Department of Education, Sports, and Culture, so that all public schools in the municipality of Marco have the book in their libraries.<\/p>\n<p>The Institute also visited ABAV \u2013 Associa\u00e7\u00e3o Beneficiente Amigos pela Vida-Bom Samaritano, a shelter that provides care for the elderly in the municipality of Marco. This institution receives financial support from the Instituto A\u00e7o Cearense. The IAC&#039;s next visit to Marco is scheduled for August to host the Pedalando pela Paz (Pedaling for Peace) event, a cycling tour designed to mobilize communities suffering from violence to cultivate a peaceful experience while also awakening young people to the importance of cycling as a sport.<\/p>","protected":false},"featured_media":1743,"template":"","meta":{"_acf_changed":false,"inline_featured_image":false},"categoria-noticia":[],"class_list":["post-1733","noticia","type-noticia","status-publish","has-post-thumbnail","hentry"],"acf":{"link":""},"yoast_head":"<!-- This site is optimized with the Yoast SEO plugin v27.4 - https:\/\/yoast.com\/product\/yoast-seo-wordpress\/ -->\n<title>Visita do IAC ao munic\u00edpio de Marco no Cear\u00e1 - Grupo A\u00e7o Cearense<\/title>\n<meta name=\"robots\" content=\"index, follow, max-snippet:-1, max-image-preview:large, max-video-preview:-1\" \/>\n<link rel=\"canonical\" href=\"https:\/\/previews.elleven.digital\/acocearense\/noticia\/visita-do-iac-ao-municipio-de-marco-no-ceara\/\" \/>\n<meta property=\"og:locale\" content=\"en_US\" \/>\n<meta property=\"og:type\" content=\"article\" \/>\n<meta property=\"og:title\" content=\"Visita do IAC ao munic\u00edpio de Marco no Cear\u00e1 - Grupo A\u00e7o Cearense\" \/>\n<meta property=\"og:description\" content=\"O Instituto A\u00e7o Cearense visitou o munic\u00edpio de Marco-CE com objetivo de iniciar parceria com(...)\" \/>\n<meta property=\"og:url\" content=\"https:\/\/previews.elleven.digital\/acocearense\/noticia\/visita-do-iac-ao-municipio-de-marco-no-ceara\/\" \/>\n<meta property=\"og:site_name\" content=\"Grupo A\u00e7o Cearense\" \/>\n<meta property=\"article:modified_time\" content=\"2025-05-07T17:32:06+00:00\" \/>\n<meta property=\"og:image\" content=\"https:\/\/previews.elleven.digital\/acocearense\/wp-content\/uploads\/2025\/05\/IMG_0958-scaled.jpg\" \/>\n\t<meta property=\"og:image:width\" content=\"2560\" \/>\n\t<meta property=\"og:image:height\" content=\"1227\" \/>\n\t<meta property=\"og:image:type\" content=\"image\/jpeg\" \/>\n<meta name=\"twitter:card\" content=\"summary_large_image\" \/>\n<meta name=\"twitter:label1\" content=\"Est. reading time\" \/>\n\t<meta name=\"twitter:data1\" content=\"2 minutes\" \/>\n<script type=\"application\/ld+json\" class=\"yoast-schema-graph\">{\"@context\":\"https:\\\/\\\/schema.org\",\"@graph\":[{\"@type\":\"WebPage\",\"@id\":\"https:\\\/\\\/previews.elleven.digital\\\/acocearense\\\/noticia\\\/visita-do-iac-ao-municipio-de-marco-no-ceara\\\/\",\"url\":\"https:\\\/\\\/previews.elleven.digital\\\/acocearense\\\/noticia\\\/visita-do-iac-ao-municipio-de-marco-no-ceara\\\/\",\"name\":\"Visita do IAC ao munic\u00edpio de Marco no Cear\u00e1 - Grupo A\u00e7o Cearense\",\"isPartOf\":{\"@id\":\"https:\\\/\\\/previews.elleven.digital\\\/acocearense\\\/#website\"},\"primaryImageOfPage\":{\"@id\":\"https:\\\/\\\/previews.elleven.digital\\\/acocearense\\\/noticia\\\/visita-do-iac-ao-municipio-de-marco-no-ceara\\\/#primaryimage\"},\"image\":{\"@id\":\"https:\\\/\\\/previews.elleven.digital\\\/acocearense\\\/noticia\\\/visita-do-iac-ao-municipio-de-marco-no-ceara\\\/#primaryimage\"},\"thumbnailUrl\":\"https:\\\/\\\/www.grupoacocearense.com.br\\\/wp-content\\\/uploads\\\/2025\\\/05\\\/IMG_0958-scaled.jpg\",\"datePublished\":\"2017-06-22T17:28:36+00:00\",\"dateModified\":\"2025-05-07T17:32:06+00:00\",\"breadcrumb\":{\"@id\":\"https:\\\/\\\/previews.elleven.digital\\\/acocearense\\\/noticia\\\/visita-do-iac-ao-municipio-de-marco-no-ceara\\\/#breadcrumb\"},\"inLanguage\":\"en-US\",\"potentialAction\":[{\"@type\":\"ReadAction\",\"target\":[\"https:\\\/\\\/previews.elleven.digital\\\/acocearense\\\/noticia\\\/visita-do-iac-ao-municipio-de-marco-no-ceara\\\/\"]}]},{\"@type\":\"ImageObject\",\"inLanguage\":\"en-US\",\"@id\":\"https:\\\/\\\/previews.elleven.digital\\\/acocearense\\\/noticia\\\/visita-do-iac-ao-municipio-de-marco-no-ceara\\\/#primaryimage\",\"url\":\"https:\\\/\\\/www.grupoacocearense.com.br\\\/wp-content\\\/uploads\\\/2025\\\/05\\\/IMG_0958-scaled.jpg\",\"contentUrl\":\"https:\\\/\\\/www.grupoacocearense.com.br\\\/wp-content\\\/uploads\\\/2025\\\/05\\\/IMG_0958-scaled.jpg\",\"width\":2560,\"height\":1227},{\"@type\":\"BreadcrumbList\",\"@id\":\"https:\\\/\\\/previews.elleven.digital\\\/acocearense\\\/noticia\\\/visita-do-iac-ao-municipio-de-marco-no-ceara\\\/#breadcrumb\",\"itemListElement\":[{\"@type\":\"ListItem\",\"position\":1,\"name\":\"In\u00edcio\",\"item\":\"https:\\\/\\\/www.grupoacocearense.com.br\\\/\"},{\"@type\":\"ListItem\",\"position\":2,\"name\":\"Not\u00edcias\",\"item\":\"https:\\\/\\\/previews.elleven.digital\\\/acocearense\\\/noticias\\\/\"},{\"@type\":\"ListItem\",\"position\":3,\"name\":\"Visita do IAC ao munic\u00edpio de Marco no Cear\u00e1\"}]},{\"@type\":\"WebSite\",\"@id\":\"https:\\\/\\\/previews.elleven.digital\\\/acocearense\\\/#website\",\"url\":\"https:\\\/\\\/previews.elleven.digital\\\/acocearense\\\/\",\"name\":\"A\u00e7o Cearense\",\"description\":\"H\u00e1 mais de 45 anos no mercado brasileiro do a\u00e7o.\",\"alternateName\":\"A\u00e7o Cearense\",\"potentialAction\":[{\"@type\":\"SearchAction\",\"target\":{\"@type\":\"EntryPoint\",\"urlTemplate\":\"https:\\\/\\\/previews.elleven.digital\\\/acocearense\\\/?s={search_term_string}\"},\"query-input\":{\"@type\":\"PropertyValueSpecification\",\"valueRequired\":true,\"valueName\":\"search_term_string\"}}],\"inLanguage\":\"en-US\"}]}<\/script>\n<!-- \/ Yoast SEO plugin. -->","yoast_head_json":{"title":"Visita do IAC ao munic\u00edpio de Marco no Cear\u00e1 - Grupo A\u00e7o Cearense","robots":{"index":"index","follow":"follow","max-snippet":"max-snippet:-1","max-image-preview":"max-image-preview:large","max-video-preview":"max-video-preview:-1"},"canonical":"https:\/\/previews.elleven.digital\/acocearense\/noticia\/visita-do-iac-ao-municipio-de-marco-no-ceara\/","og_locale":"en_US","og_type":"article","og_title":"Visita do IAC ao munic\u00edpio de Marco no Cear\u00e1 - Grupo A\u00e7o Cearense","og_description":"O Instituto A\u00e7o Cearense visitou o munic\u00edpio de Marco-CE com objetivo de iniciar parceria com(...)","og_url":"https:\/\/previews.elleven.digital\/acocearense\/noticia\/visita-do-iac-ao-municipio-de-marco-no-ceara\/","og_site_name":"Grupo A\u00e7o Cearense","article_modified_time":"2025-05-07T17:32:06+00:00","og_image":[{"width":2560,"height":1227,"url":"https:\/\/previews.elleven.digital\/acocearense\/wp-content\/uploads\/2025\/05\/IMG_0958-scaled.jpg","type":"image\/jpeg"}],"twitter_card":"summary_large_image","twitter_misc":{"Est. reading time":"2 minutes"},"schema":{"@context":"https:\/\/schema.org","@graph":[{"@type":"WebPage","@id":"https:\/\/previews.elleven.digital\/acocearense\/noticia\/visita-do-iac-ao-municipio-de-marco-no-ceara\/","url":"https:\/\/previews.elleven.digital\/acocearense\/noticia\/visita-do-iac-ao-municipio-de-marco-no-ceara\/","name":"Visita do IAC ao munic\u00edpio de Marco no Cear\u00e1 - Grupo A\u00e7o Cearense","isPartOf":{"@id":"https:\/\/previews.elleven.digital\/acocearense\/#website"},"primaryImageOfPage":{"@id":"https:\/\/previews.elleven.digital\/acocearense\/noticia\/visita-do-iac-ao-municipio-de-marco-no-ceara\/#primaryimage"},"image":{"@id":"https:\/\/previews.elleven.digital\/acocearense\/noticia\/visita-do-iac-ao-municipio-de-marco-no-ceara\/#primaryimage"},"thumbnailUrl":"https:\/\/www.grupoacocearense.com.br\/wp-content\/uploads\/2025\/05\/IMG_0958-scaled.jpg","datePublished":"2017-06-22T17:28:36+00:00","dateModified":"2025-05-07T17:32:06+00:00","breadcrumb":{"@id":"https:\/\/previews.elleven.digital\/acocearense\/noticia\/visita-do-iac-ao-municipio-de-marco-no-ceara\/#breadcrumb"},"inLanguage":"en-US","potentialAction":[{"@type":"ReadAction","target":["https:\/\/previews.elleven.digital\/acocearense\/noticia\/visita-do-iac-ao-municipio-de-marco-no-ceara\/"]}]},{"@type":"ImageObject","inLanguage":"en-US","@id":"https:\/\/previews.elleven.digital\/acocearense\/noticia\/visita-do-iac-ao-municipio-de-marco-no-ceara\/#primaryimage","url":"https:\/\/www.grupoacocearense.com.br\/wp-content\/uploads\/2025\/05\/IMG_0958-scaled.jpg","contentUrl":"https:\/\/www.grupoacocearense.com.br\/wp-content\/uploads\/2025\/05\/IMG_0958-scaled.jpg","width":2560,"height":1227},{"@type":"BreadcrumbList","@id":"https:\/\/previews.elleven.digital\/acocearense\/noticia\/visita-do-iac-ao-municipio-de-marco-no-ceara\/#breadcrumb","itemListElement":[{"@type":"ListItem","position":1,"name":"In\u00edcio","item":"https:\/\/www.grupoacocearense.com.br\/"},{"@type":"ListItem","position":2,"name":"Not\u00edcias","item":"https:\/\/previews.elleven.digital\/acocearense\/noticias\/"},{"@type":"ListItem","position":3,"name":"Visita do IAC ao munic\u00edpio de Marco no Cear\u00e1"}]},{"@type":"WebSite","@id":"https:\/\/previews.elleven.digital\/acocearense\/#website","url":"https:\/\/previews.elleven.digital\/acocearense\/","name":"Cear\u00e1 Steel","description":"In the Brazilian steel market for over 45 years.","alternateName":"A\u00e7o Cearense","potentialAction":[{"@type":"SearchAction","target":{"@type":"EntryPoint","urlTemplate":"https:\/\/previews.elleven.digital\/acocearense\/?s={search_term_string}"},"query-input":{"@type":"PropertyValueSpecification","valueRequired":true,"valueName":"search_term_string"}}],"inLanguage":"en-US"}]}},"_links":{"self":[{"href":"https:\/\/www.grupoacocearense.com.br\/en\/wp-json\/wp\/v2\/noticia\/1733","targetHints":{"allow":["GET"]}}],"collection":[{"href":"https:\/\/www.grupoacocearense.com.br\/en\/wp-json\/wp\/v2\/noticia"}],"about":[{"href":"https:\/\/www.grupoacocearense.com.br\/en\/wp-json\/wp\/v2\/types\/noticia"}],"wp:featuredmedia":[{"embeddable":true,"href":"https:\/\/www.grupoacocearense.com.br\/en\/wp-json\/wp\/v2\/media\/1743"}],"wp:attachment":[{"href":"https:\/\/www.grupoacocearense.com.br\/en\/wp-json\/wp\/v2\/media?parent=1733"}],"wp:term":[{"taxonomy":"categoria-noticia","embeddable":true,"href":"https:\/\/www.grupoacocearense.com.br\/en\/wp-json\/wp\/v2\/categoria-noticia?post=1733"}],"curies":[{"name":"wp","href":"https:\/\/api.w.org\/{rel}","templated":true}]}}